{"id":9992,"date":"2019-07-25T12:55:45","date_gmt":"2019-07-25T11:55:45","guid":{"rendered":"http:\/\/ostrowska.tv\/?p=9992"},"modified":"2019-07-25T12:55:45","modified_gmt":"2019-07-25T11:55:45","slug":"zderzenie-dwoje-rowerzystow-na-rozanej","status":"publish","type":"post","link":"https:\/\/ostrowskatv.pl\/?p=9992","title":{"rendered":"Zderzenie dwoje rowerzyst\u00f3w na R\u00f3\u017canej"},"content":{"rendered":"<p><strong>Nawet na \u015bcie\u017ckach typowo rowerowych bywa niebezpiecznie. Przekona\u0142o si\u0119 o tym dwoje rowerzyst\u00f3w w \u015brednio-dojrza\u0142ym wieku. Oboje jechali po takiej \u015bcie\u017cce ulic\u0105 R\u00f3\u017canej w stron\u0119 Urz\u0119du Skarbowego. Przy jednej z posesji ro\u015bnie tuja, kt\u00f3rej ga\u0142\u0119zie wychodz\u0105 na t\u0119 \u015bcie\u017ck\u0119, zw\u0119\u017caj\u0105c j\u0105. Rowerzysta jad\u0105c tu\u017c za rowerzystk\u0105, postanowi\u0142a omin\u0105\u0107 ro\u015blinno\u015b\u0107 i wjecha\u0142 w jej bok.\u00a0<\/strong><\/p>\n<p>Kobieta dozna\u0142a urazu kolana. Wed\u0142ug \u015bwiadka &#8222;kolano jej si\u0119 tak dziwnie rusza\u0142o&#8221;. Policjanci przeprowadzili ogl\u0119dziny pod k\u0105tem wypadku.<\/p>\n<div id='gallery-1' class='gallery galleryid-9992 gallery-columns-3 gallery-size-thumbnail'><figure class='gallery-item'>\n\t\t\t<div class='gallery-icon landscape'>\n\t\t\t\t<a href='https:\/\/ostrowskatv.pl\/?attachment_id=9993'><img loading=\"lazy\" decoding=\"async\" width=\"150\" height=\"150\" src=\"https:\/\/ostrowskatv.pl\/wp-content\/uploads\/2019\/07\/IMG_20190725_112701-150x150.jpg\" class=\"attachment-thumbnail size-thumbnail\" alt=\"\" \/><\/a>\n\t\t\t<\/div><\/figure><figure class='gallery-item'>\n\t\t\t<div class='gallery-icon landscape'>\n\t\t\t\t<a href='https:\/\/ostrowskatv.pl\/?attachment_id=9994'><img loading=\"lazy\" decoding=\"async\" width=\"150\" height=\"150\" src=\"https:\/\/ostrowskatv.pl\/wp-content\/uploads\/2019\/07\/IMG_20190725_112448-150x150.jpg\" class=\"attachment-thumbnail size-thumbnail\" alt=\"\" \/><\/a>\n\t\t\t<\/div><\/figure><figure class='gallery-item'>\n\t\t\t<div class='gallery-icon landscape'>\n\t\t\t\t<a href='https:\/\/ostrowskatv.pl\/?attachment_id=9995'><img loading=\"lazy\" decoding=\"async\" width=\"150\" height=\"150\" src=\"https:\/\/ostrowskatv.pl\/wp-content\/uploads\/2019\/07\/IMG_20190725_112754-150x150.jpg\" class=\"attachment-thumbnail size-thumbnail\" alt=\"\" \/><\/a>\n\t\t\t<\/div><\/figure>\n\t\t<\/div>\n\n","protected":false},"excerpt":{"rendered":"Nawet na \u015bcie\u017ckach typowo rowerowych bywa niebezpiecznie. Przekona\u0142o si\u0119 o tym dwoje rowerzyst\u00f3w w \u015brednio-dojrza\u0142ym wieku. Oboje jechali po takiej \u015bcie\u017cce ulic\u0105 R\u00f3\u017canej \n<a class=\"moretag\" href=\"https:\/\/ostrowskatv.pl\/?p=9992\"> [...]<\/a>","protected":false},"author":1,"featured_media":9993,"comment_status":"open","ping_status":"closed","sticky":false,"template":"","format":"standard","meta":{"footnotes":""},"categories":[1],"tags":[2],"class_list":["post-9992","post","type-post","status-publish","format-standard","has-post-thumbnail","hentry","category-news","tag-ostrow-wielkopolski"],"_links":{"self":[{"href":"https:\/\/ostrowskatv.pl\/index.php?rest_route=\/wp\/v2\/posts\/9992","targetHints":{"allow":["GET"]}}],"collection":[{"href":"https:\/\/ostrowskatv.pl\/index.php?rest_route=\/wp\/v2\/posts"}],"about":[{"href":"https:\/\/ostrowskatv.pl\/index.php?rest_route=\/wp\/v2\/types\/post"}],"author":[{"embeddable":true,"href":"https:\/\/ostrowskatv.pl\/index.php?rest_route=\/wp\/v2\/users\/1"}],"replies":[{"embeddable":true,"href":"https:\/\/ostrowskatv.pl\/index.php?rest_route=%2Fwp%2Fv2%2Fcomments&post=9992"}],"version-history":[{"count":0,"href":"https:\/\/ostrowskatv.pl\/index.php?rest_route=\/wp\/v2\/posts\/9992\/revisions"}],"wp:featuredmedia":[{"embeddable":true,"href":"https:\/\/ostrowskatv.pl\/index.php?rest_route=\/wp\/v2\/media\/9993"}],"wp:attachment":[{"href":"https:\/\/ostrowskatv.pl\/index.php?rest_route=%2Fwp%2Fv2%2Fmedia&parent=9992"}],"wp:term":[{"taxonomy":"category","embeddable":true,"href":"https:\/\/ostrowskatv.pl\/index.php?rest_route=%2Fwp%2Fv2%2Fcategories&post=9992"},{"taxonomy":"post_tag","embeddable":true,"href":"https:\/\/ostrowskatv.pl\/index.php?rest_route=%2Fwp%2Fv2%2Ftags&post=9992"}],"curies":[{"name":"wp","href":"https:\/\/api.w.org\/{rel}","templated":true}]}}