{"id":998,"date":"2016-05-06T20:47:30","date_gmt":"2016-05-06T19:47:30","guid":{"rendered":"http:\/\/ostrowska.tv\/?p=998"},"modified":"2016-05-06T20:47:30","modified_gmt":"2016-05-06T19:47:30","slug":"stracila-zaufanie-do-policji-sugerowali-mi-odpowiedzi","status":"publish","type":"post","link":"https:\/\/ostrowskatv.pl\/?p=998","title":{"rendered":"Straci\u0142a zaufanie do policji. &#8222;Sugerowali mi odpowiedzi&#8221;"},"content":{"rendered":"<p><strong>12 lutego w Ostrowie Wielkopolskim przy ulicy Rejtana dosz\u0142o do kolizji drogowej, kt\u00f3ra wzbudzi\u0142a bardzo wiele kontrowersji. Kobieta, kt\u00f3ra w niej uczestniczy\u0142a, zarzuca policji stronniczo\u015b\u0107, sprzyjanie m\u0119\u017cczy\u017anie, kt\u00f3ry, jej zdaniem, by\u0142 sprawc\u0105 i wskazuje na szereg nieprawid\u0142owo\u015bci.<\/strong><\/p>\n<p>Jak dosz\u0142o do wspomnianej kolizji? Kobieta w\u0142\u0105cza\u0142a si\u0119 do ruchu. Wyjecha\u0142a na jezdni\u0119, zatrzyma\u0142a sw\u00f3j samoch\u00f3d i za chwil\u0119 zamierza\u0142a rozpocz\u0105\u0107 manewr zawracania. W tym czasie mia\u0142 w ni\u0105 uderzy\u0107 m\u0119\u017cczyzna, kt\u00f3ry pr\u00f3bowa\u0142 j\u0105 omin\u0105\u0107. Jej zdaniem jecha\u0142 ju\u017c wtedy co najmniej po\u0142ow\u0105 auta poboczem. &#8211; Ten pan od razu przyzna\u0142 si\u0119 do swojej winy, o czym \u015bwiadczy fakt, \u017ce napisa\u0142 mi o\u015bwiadczenie. Chwil\u0119 p\u00f3\u017aniej rozjechali\u015bmy si\u0119 do dom\u00f3w \u2013 wspomina mieszkanka Ostrowa.<\/p>\n<p>Po trzech godzinach zadzwoni\u0142a do niej jednak policja. &#8211; Dosta\u0142am wtedy polecenie, \u017ce mam si\u0119 stawi\u0107 na komendzie, bo ten sam m\u0119\u017cczyzna zg\u0142osi\u0142 ca\u0142e zdarzenie. Odebra\u0142am dzieci ze szko\u0142y i tam si\u0119 uda\u0142am. Wtedy us\u0142ysza\u0142am, \u017ce musz\u0105 mnie zatrzyma\u0107 na 48 godzin. By\u0142am przera\u017cona\u00a0 i przestraszona. Powodem mia\u0142 by\u0107 brak sta\u0142ego meldunku, ale przecie\u017c wychowuj\u0119 sama dw\u00f3jk\u0119 dzieci. Nie robi\u0142am nikomu \u017cadnych problem\u00f3w \u2013 podkre\u015bla.<\/p>\n<p>W ko\u0144cu rozpocz\u0119\u0142o si\u0119 przes\u0142uchanie kobiety. Jak jednak przekonuje mieszkanka naszego miasta, nikogo jej zeznania nie interesowa\u0142y. &#8211; To by\u0142o &#8222;przes\u0142uchanie&#8221;. Tak naprawd\u0119 panowie odpowiadali za mnie. By\u0142o pytanie i od razu sugestia odpowiedzi. Zosta\u0142am tak\u017ce zbadana alkomatem. P\u00f3\u017aniej pojechali\u015bmy na miejsce zdarzenia. Tam r\u00f3wnie\u017c opowiada\u0142am, jak by\u0142o, ale sugerowano mi, \u017ce tak naprawd\u0119 by\u0142o inaczej. Policjanci twierdzili, \u017ce na pewno nie w\u0142\u0105czy\u0142am migacza, nie spojrza\u0142am w lusterko. W ko\u0144cu zapyta\u0142am, czy ich zdaniem w og\u00f3le jecha\u0142am tym samochodem. M\u0119\u017cczyzna, kt\u00f3ry by\u0142 uczestnikiem kolizji, w og\u00f3le si\u0119 wtedy nie odzywa\u0142. A wcze\u015bniej by\u0142 bardzo grzeczny i szybko przyzna\u0142 si\u0119 do swojej winy. To by\u0142o bardzo dziwne \u2013 wspomina kobieta. &#8211; Kolejna ciekawa kwestia dotyczy\u0142a mandatu, kt\u00f3ry mia\u0142am otrzyma\u0107. Najpierw &#8222;zaproponowano&#8221; mi mandat w wysoko\u015bci 250 z\u0142, a kiedy odm\u00f3wia\u0142am jego przyj\u0119cia, to propozycja wynosi\u0142a ju\u017c 500 z\u0142 \u2013 dodaje.<\/p>\n<p>Dla kobiety zachowanie m\u0119\u017cczyzny, kt\u00f3ry najpierw przyzna\u0142 si\u0119 do winy, a p\u00f3\u017aniej nie odzywa\u0142 si\u0119 s\u0142owem, by\u0142o bardzo zastanawiaj\u0105ce. Z czasem jednak znalaz\u0142a logiczne uzasadnienie jego post\u0119powania. &#8211; Niestety, ja nie mam rodziny w policji. Zrobi\u0142am jednak ustalenia, z kt\u00f3rych wynika, \u017ce ma j\u0105 m\u0119\u017cczyzna, kt\u00f3ry uczestniczy\u0142 w kolizji. W policji pracuje jego siostra, a konkretnie w Wydziale Wykrocze\u0144. W zwi\u0105zku z tym mia\u0142 nade mn\u0105 przewag\u0119. Zastanawia\u0142am si\u0119 tylko, dlaczego nie zadzwoni\u0142 po policj\u0119 od razu. Inna sprawa, \u017ce do dzi\u015b nie wiem, czy podobnie jak ja by\u0142 badany alkomatem. Fakty s\u0105 jednak takie, \u017ce z pokrzywdzonej sta\u0142am si\u0119 sprawc\u0105 \u2013 wyja\u015bnia kobieta.<\/p>\n<p>W sprawie zostali przes\u0142uchani tak\u017ce \u015bwiadkowie. &#8211; Im tak\u017ce sugerowano odpowiedzi \u2013 twierdzi mieszkanka naszego miasta. &#8211;\u00a0 P\u00f3\u017aniej posz\u0142am na kolejne przes\u0142uchanie, ale tym razem do policjanta, kt\u00f3ry nie zajmowa\u0142 si\u0119 t\u0105 spraw\u0105. On zachowywa\u0142 si\u0119 ju\u017c normalnie i rozumia\u0142, o co mi chodzi, a tak\u017ce uwa\u017cnie s\u0142ucha\u0142 mojej wersji zdarze\u0144. Przes\u0142uchiwa\u0142 mnie zreszt\u0105 dzielnicowy, kt\u00f3ry by\u0142 zdziwiony, \u017ce zosta\u0142 do tego wyznaczony, bo normalnie takimi sprawami si\u0119 nie zajmuje. Dowiedzia\u0142am si\u0119 jedynie, \u017ce tamci panowie zostali odsuni\u0119ci od sprawy. P\u00f3\u017aniej dosta\u0142am wyrok, ale si\u0119 od niego od razu odwo\u0142a\u0142am, sk\u0142adaj\u0105c tzw. \u201esprzeciw\u201d. W efekcie fina\u0142 ca\u0142ej historii b\u0119dzie mie\u0107 miejsce w s\u0105dzie. Wszystko kosztowa\u0142o mnie bardzo du\u017co nerw\u00f3w. Jest we mnie te\u017c bardzo du\u017co z\u0142o\u015bci. Policja jest od tego, \u017ceby szuka\u0107 u niej sprawiedliwo\u015bci. A powiem szczerze, \u017ce ja ju\u017c na pewno nie b\u0119d\u0119 na nich liczy\u0107 w \u017cadnej sprawie \u2013 dodaje na zako\u0144czenie uczestniczka kolizji.<\/p>\n<p>Co s\u0105dz\u0105 Pa\u0144stwo o ca\u0142ym wydarzeniu? <strong>Zach<\/strong><strong>\u0119camy do wyra<\/strong><strong>\u017cania swoich opinii w komentarzach i obejrzenia materia<\/strong><strong>\u0142u wideo, kt<\/strong><strong>\u00f3ry znajduje si<\/strong><strong>\u0119 poni<\/strong><strong>\u017cej. <\/strong><\/p>\n","protected":false},"excerpt":{"rendered":"12 lutego w Ostrowie Wielkopolskim przy ulicy Rejtana dosz\u0142o do kolizji drogowej, kt\u00f3ra wzbudzi\u0142a bardzo wiele kontrowersji. Kobieta, kt\u00f3ra w niej uczestniczy\u0142a, zarzuca \n<a class=\"moretag\" href=\"https:\/\/ostrowskatv.pl\/?p=998\"> [...]<\/a>","protected":false},"author":1,"featured_media":999,"comment_status":"open","ping_status":"open","sticky":false,"template":"","format":"standard","meta":{"footnotes":""},"categories":[1],"tags":[2],"class_list":["post-998","post","type-post","status-publish","format-standard","has-post-thumbnail","hentry","category-news","tag-ostrow-wielkopolski"],"_links":{"self":[{"href":"https:\/\/ostrowskatv.pl\/index.php?rest_route=\/wp\/v2\/posts\/998","targetHints":{"allow":["GET"]}}],"collection":[{"href":"https:\/\/ostrowskatv.pl\/index.php?rest_route=\/wp\/v2\/posts"}],"about":[{"href":"https:\/\/ostrowskatv.pl\/index.php?rest_route=\/wp\/v2\/types\/post"}],"author":[{"embeddable":true,"href":"https:\/\/ostrowskatv.pl\/index.php?rest_route=\/wp\/v2\/users\/1"}],"replies":[{"embeddable":true,"href":"https:\/\/ostrowskatv.pl\/index.php?rest_route=%2Fwp%2Fv2%2Fcomments&post=998"}],"version-history":[{"count":0,"href":"https:\/\/ostrowskatv.pl\/index.php?rest_route=\/wp\/v2\/posts\/998\/revisions"}],"wp:featuredmedia":[{"embeddable":true,"href":"https:\/\/ostrowskatv.pl\/index.php?rest_route=\/wp\/v2\/media\/999"}],"wp:attachment":[{"href":"https:\/\/ostrowskatv.pl\/index.php?rest_route=%2Fwp%2Fv2%2Fmedia&parent=998"}],"wp:term":[{"taxonomy":"category","embeddable":true,"href":"https:\/\/ostrowskatv.pl\/index.php?rest_route=%2Fwp%2Fv2%2Fcategories&post=998"},{"taxonomy":"post_tag","embeddable":true,"href":"https:\/\/ostrowskatv.pl\/index.php?rest_route=%2Fwp%2Fv2%2Ftags&post=998"}],"curies":[{"name":"wp","href":"https:\/\/api.w.org\/{rel}","templated":true}]}}