{"id":9977,"date":"2019-07-22T22:32:42","date_gmt":"2019-07-22T21:32:42","guid":{"rendered":"http:\/\/ostrowska.tv\/?p=9977"},"modified":"2019-07-22T22:32:42","modified_gmt":"2019-07-22T21:32:42","slug":"chlopiec-wpadl-do-studni-stan-krytyczny","status":"publish","type":"post","link":"https:\/\/ostrowskatv.pl\/?p=9977","title":{"rendered":"Ch\u0142opiec wpad\u0142 do studni. Stan krytyczny"},"content":{"rendered":"<p><strong>Do tragicznego zdarzenia dosz\u0142o p\u00f3\u017anym wieczorem w poniedzia\u0142ek. P\u00f3\u0142tora roczny ch\u0142opiec wpad\u0142 do w\u0105skiej na ok. 25&#215;25 cm i g\u0142\u0119bokiej na 6 metr\u00f3w studni g\u0142\u0119binowej. Otw\u00f3r nie by\u0142 wcze\u015bniej zabezpieczony. Ch\u0142opca po wyci\u0105gni\u0119ciu reanimowano oko\u0142o 20 minut. Po przywr\u00f3ceniu czynno\u015bci \u017cyciowych, zosta\u0142 przetransportowany do szpitala w Ostrowie Wlkp. w stanie krytycznym i w hipotermii. Do wypadku dosz\u0142o w Borkowie Starym k. Kalisza.<\/strong><\/p>\n<div id='gallery-1' class='gallery galleryid-9977 gallery-columns-3 gallery-size-thumbnail'><figure class='gallery-item'>\n\t\t\t<div class='gallery-icon landscape'>\n\t\t\t\t<a href='https:\/\/ostrowskatv.pl\/?attachment_id=9978'><img loading=\"lazy\" decoding=\"async\" width=\"150\" height=\"150\" src=\"https:\/\/ostrowskatv.pl\/wp-content\/uploads\/2019\/07\/dziecko_studnia_1www-150x150.jpg\" class=\"attachment-thumbnail size-thumbnail\" alt=\"\" \/><\/a>\n\t\t\t<\/div><\/figure><figure class='gallery-item'>\n\t\t\t<div class='gallery-icon landscape'>\n\t\t\t\t<a href='https:\/\/ostrowskatv.pl\/?attachment_id=9979'><img loading=\"lazy\" decoding=\"async\" width=\"150\" height=\"150\" src=\"https:\/\/ostrowskatv.pl\/wp-content\/uploads\/2019\/07\/dziecko_studnia_2www-150x150.jpg\" class=\"attachment-thumbnail size-thumbnail\" alt=\"\" \/><\/a>\n\t\t\t<\/div><\/figure>\n\t\t<\/div>\n\n","protected":false},"excerpt":{"rendered":"Do tragicznego zdarzenia dosz\u0142o p\u00f3\u017anym wieczorem w poniedzia\u0142ek. P\u00f3\u0142tora roczny ch\u0142opiec wpad\u0142 do w\u0105skiej na ok. 25&#215;25 cm i g\u0142\u0119bokiej na 6 metr\u00f3w \n<a class=\"moretag\" href=\"https:\/\/ostrowskatv.pl\/?p=9977\"> [...]<\/a>","protected":false},"author":1,"featured_media":9978,"comment_status":"open","ping_status":"closed","sticky":false,"template":"","format":"standard","meta":{"footnotes":""},"categories":[1],"tags":[175],"class_list":["post-9977","post","type-post","status-publish","format-standard","has-post-thumbnail","hentry","category-news","tag-powiat-kaliski"],"_links":{"self":[{"href":"https:\/\/ostrowskatv.pl\/index.php?rest_route=\/wp\/v2\/posts\/9977","targetHints":{"allow":["GET"]}}],"collection":[{"href":"https:\/\/ostrowskatv.pl\/index.php?rest_route=\/wp\/v2\/posts"}],"about":[{"href":"https:\/\/ostrowskatv.pl\/index.php?rest_route=\/wp\/v2\/types\/post"}],"author":[{"embeddable":true,"href":"https:\/\/ostrowskatv.pl\/index.php?rest_route=\/wp\/v2\/users\/1"}],"replies":[{"embeddable":true,"href":"https:\/\/ostrowskatv.pl\/index.php?rest_route=%2Fwp%2Fv2%2Fcomments&post=9977"}],"version-history":[{"count":0,"href":"https:\/\/ostrowskatv.pl\/index.php?rest_route=\/wp\/v2\/posts\/9977\/revisions"}],"wp:featuredmedia":[{"embeddable":true,"href":"https:\/\/ostrowskatv.pl\/index.php?rest_route=\/wp\/v2\/media\/9978"}],"wp:attachment":[{"href":"https:\/\/ostrowskatv.pl\/index.php?rest_route=%2Fwp%2Fv2%2Fmedia&parent=9977"}],"wp:term":[{"taxonomy":"category","embeddable":true,"href":"https:\/\/ostrowskatv.pl\/index.php?rest_route=%2Fwp%2Fv2%2Fcategories&post=9977"},{"taxonomy":"post_tag","embeddable":true,"href":"https:\/\/ostrowskatv.pl\/index.php?rest_route=%2Fwp%2Fv2%2Ftags&post=9977"}],"curies":[{"name":"wp","href":"https:\/\/api.w.org\/{rel}","templated":true}]}}