{"id":9960,"date":"2019-07-21T19:07:51","date_gmt":"2019-07-21T18:07:51","guid":{"rendered":"http:\/\/ostrowska.tv\/?p=9960"},"modified":"2019-07-21T20:29:09","modified_gmt":"2019-07-21T19:29:09","slug":"wypadek-motocyklisty-w-szczurach","status":"publish","type":"post","link":"https:\/\/ostrowskatv.pl\/?p=9960","title":{"rendered":"Wypadek motocyklisty w Szczurach"},"content":{"rendered":"<p><strong>W niedziel\u0119 przed godzin\u0105 20.00 dosz\u0142o do powa\u017cnego wypadku motocykla marki Honda. Prawdopodobnie 25-letni kierowca straci\u0142 panowanie nad motocyklem doej\u017cd\u017caj\u0105c do drogi krajowej.<\/strong><\/p>\n<p>Do wypadku wys\u0142ano stra\u017c po\u017carn\u0105 i LPR. M\u0119\u017cczyzna jest w ci\u0119\u017ckim stanie. Najprawdopodobniej mieszka w Szczurawicach.<\/p>\n<p>Aktualizacja:<br \/>\nPo intensywnych czynno\u015bciach medycznych, wst\u0119pnie ustabilizowano czynno\u015bci \u017cyciowe poszkodowanego. Stwierdzono u niego rozleg\u0142y uraz czaszkowo-m\u00f3zgowy, co nie rokuje zbyt optymistycznie.\u00a0 Ponadto dozna\u0142 urazu barku i r\u0119ki. \u015amig\u0142owcem zabrano go do kaliskiego szpitala.<\/p>\n<p>Z niewiadomych przyczyn na prostej, ale nier\u00f3wnej drodze zjecha\u0142 na pobocze, przewr\u00f3ci\u0142 si\u0119 i po oko\u0142o 150 m zatrzyma\u0142 si\u0119.<\/p>\n<div id='gallery-1' class='gallery galleryid-9960 gallery-columns-3 gallery-size-thumbnail'><figure class='gallery-item'>\n\t\t\t<div class='gallery-icon landscape'>\n\t\t\t\t<a href='https:\/\/ostrowskatv.pl\/?attachment_id=9961'><img loading=\"lazy\" decoding=\"async\" width=\"150\" height=\"150\" src=\"https:\/\/ostrowskatv.pl\/wp-content\/uploads\/2019\/07\/IMG_20190721_195950-01-150x150.jpeg\" class=\"attachment-thumbnail size-thumbnail\" alt=\"\" \/><\/a>\n\t\t\t<\/div><\/figure><figure class='gallery-item'>\n\t\t\t<div class='gallery-icon landscape'>\n\t\t\t\t<a href='https:\/\/ostrowskatv.pl\/?attachment_id=9962'><img loading=\"lazy\" decoding=\"async\" width=\"150\" height=\"150\" src=\"https:\/\/ostrowskatv.pl\/wp-content\/uploads\/2019\/07\/IMG_20190721_200011-01-150x150.jpeg\" class=\"attachment-thumbnail size-thumbnail\" alt=\"\" \/><\/a>\n\t\t\t<\/div><\/figure><figure class='gallery-item'>\n\t\t\t<div class='gallery-icon landscape'>\n\t\t\t\t<a href='https:\/\/ostrowskatv.pl\/?attachment_id=9966'><img loading=\"lazy\" decoding=\"async\" width=\"150\" height=\"150\" src=\"https:\/\/ostrowskatv.pl\/wp-content\/uploads\/2019\/07\/IMG_20190721_201900-01-150x150.jpeg\" class=\"attachment-thumbnail size-thumbnail\" alt=\"\" \/><\/a>\n\t\t\t<\/div><\/figure><figure class='gallery-item'>\n\t\t\t<div class='gallery-icon landscape'>\n\t\t\t\t<a href='https:\/\/ostrowskatv.pl\/?attachment_id=9967'><img loading=\"lazy\" decoding=\"async\" width=\"150\" height=\"150\" src=\"https:\/\/ostrowskatv.pl\/wp-content\/uploads\/2019\/07\/IMG_20190721_201714-01-150x150.jpeg\" class=\"attachment-thumbnail size-thumbnail\" alt=\"\" \/><\/a>\n\t\t\t<\/div><\/figure><figure class='gallery-item'>\n\t\t\t<div class='gallery-icon landscape'>\n\t\t\t\t<a href='https:\/\/ostrowskatv.pl\/?attachment_id=9968'><img loading=\"lazy\" decoding=\"async\" width=\"150\" height=\"150\" src=\"https:\/\/ostrowskatv.pl\/wp-content\/uploads\/2019\/07\/IMG_20190721_201810-01-150x150.jpeg\" class=\"attachment-thumbnail size-thumbnail\" alt=\"\" \/><\/a>\n\t\t\t<\/div><\/figure><figure class='gallery-item'>\n\t\t\t<div class='gallery-icon landscape'>\n\t\t\t\t<a href='https:\/\/ostrowskatv.pl\/?attachment_id=9969'><img loading=\"lazy\" decoding=\"async\" width=\"150\" height=\"150\" src=\"https:\/\/ostrowskatv.pl\/wp-content\/uploads\/2019\/07\/IMG_20190721_201532-01-150x150.jpeg\" class=\"attachment-thumbnail size-thumbnail\" alt=\"\" \/><\/a>\n\t\t\t<\/div><\/figure>\n\t\t<\/div>\n\n","protected":false},"excerpt":{"rendered":"W niedziel\u0119 przed godzin\u0105 20.00 dosz\u0142o do powa\u017cnego wypadku motocykla marki Honda. Prawdopodobnie 25-letni kierowca straci\u0142 panowanie nad motocyklem doej\u017cd\u017caj\u0105c do drogi krajowej. \n<a class=\"moretag\" href=\"https:\/\/ostrowskatv.pl\/?p=9960\"> [...]<\/a>","protected":false},"author":1,"featured_media":9961,"comment_status":"open","ping_status":"closed","sticky":false,"template":"","format":"standard","meta":{"footnotes":""},"categories":[1],"tags":[95],"class_list":["post-9960","post","type-post","status-publish","format-standard","has-post-thumbnail","hentry","category-news","tag-szczury"],"_links":{"self":[{"href":"https:\/\/ostrowskatv.pl\/index.php?rest_route=\/wp\/v2\/posts\/9960","targetHints":{"allow":["GET"]}}],"collection":[{"href":"https:\/\/ostrowskatv.pl\/index.php?rest_route=\/wp\/v2\/posts"}],"about":[{"href":"https:\/\/ostrowskatv.pl\/index.php?rest_route=\/wp\/v2\/types\/post"}],"author":[{"embeddable":true,"href":"https:\/\/ostrowskatv.pl\/index.php?rest_route=\/wp\/v2\/users\/1"}],"replies":[{"embeddable":true,"href":"https:\/\/ostrowskatv.pl\/index.php?rest_route=%2Fwp%2Fv2%2Fcomments&post=9960"}],"version-history":[{"count":0,"href":"https:\/\/ostrowskatv.pl\/index.php?rest_route=\/wp\/v2\/posts\/9960\/revisions"}],"wp:featuredmedia":[{"embeddable":true,"href":"https:\/\/ostrowskatv.pl\/index.php?rest_route=\/wp\/v2\/media\/9961"}],"wp:attachment":[{"href":"https:\/\/ostrowskatv.pl\/index.php?rest_route=%2Fwp%2Fv2%2Fmedia&parent=9960"}],"wp:term":[{"taxonomy":"category","embeddable":true,"href":"https:\/\/ostrowskatv.pl\/index.php?rest_route=%2Fwp%2Fv2%2Fcategories&post=9960"},{"taxonomy":"post_tag","embeddable":true,"href":"https:\/\/ostrowskatv.pl\/index.php?rest_route=%2Fwp%2Fv2%2Ftags&post=9960"}],"curies":[{"name":"wp","href":"https:\/\/api.w.org\/{rel}","templated":true}]}}