{"id":993,"date":"2016-05-06T16:40:02","date_gmt":"2016-05-06T15:40:02","guid":{"rendered":"http:\/\/ostrowska.tv\/?p=993"},"modified":"2016-05-06T16:40:02","modified_gmt":"2016-05-06T15:40:02","slug":"policjanci-postrzelili-napastnika-z-siekiera","status":"publish","type":"post","link":"https:\/\/ostrowskatv.pl\/?p=993","title":{"rendered":"Policjanci postrzelili napastnika z siekier\u0105"},"content":{"rendered":"<p><strong>W pi\u0105tek o godz. 15:00 dosz\u0142o do postrzelenia 55-latka. Policjanci przybyli do jednej z posesji przy ul. Jankowskiej w Wysocku Ma\u0142ym by przeprowadzi\u0107 interwencj\u0119. Kobieta, kt\u00f3ra czu\u0142a si\u0119 pokrzywdzona przez m\u0119\u017ca awanturnika, wesz\u0142a do radiowozu, kt\u00f3ry zaparkowa\u0142 na drodze przed posesj\u0105. Gdy ten fakt zauwa\u017cy\u0142 pow\u00f3d interwencji, wzi\u0105\u0142 siekier\u0105 i ruszy\u0142 w stron\u0119 radiowozu.<\/strong><\/p>\n<p>Policjanci widz\u0105c to wezwali go do zachowania zgodnego z prawem. 55-latek uderzy\u0142 siekier\u0105 w szyb\u0119 radiowozu od strony kierowcy. M\u0119\u017cczyzna wci\u0105\u017c pod\u0105\u017ca\u0142 za oddalaj\u0105cymi si\u0119 policjantami. Zostali wtedy zmuszeni do oddania strza\u0142\u00f3w ostrzegawczych (oko\u0142o 4-5). Nast\u0119pnie jeden z policjant\u00f3w strzeli\u0142 w kolano napastnika i wtedy go obezw\u0142adnili. Na miejsce wezwano pogotowie, kt\u00f3re w asy\u015bcie policjant\u00f3w zabra\u0142o m\u0119\u017cczyzn\u0119 do szpitala, gdzie stwierdzono ran\u0119 wylotow\u0105. Ranny napastnik trafi\u0142 na blok operacyjny, gdzie lekarze zamierzaj\u0105 w pe\u0142ni zdiagnozowa\u0107 powsta\u0142y uraz. Czynno\u015bci na miejscu prowadzone s\u0105 pod nadzorem prokuratora. M\u0119\u017cczyzna, zdaniem lekarza znajdowa\u0142 si\u0119 pod wp\u0142ywem \u015brodk\u00f3w odurzaj\u0105cych (mo\u017cliwe, \u017ce alkoholu).<\/p>\n<div id='gallery-1' class='gallery galleryid-993 gallery-columns-3 gallery-size-thumbnail'><figure class='gallery-item'>\n\t\t\t<div class='gallery-icon landscape'>\n\t\t\t\t<a href='https:\/\/ostrowskatv.pl\/?attachment_id=994'><img loading=\"lazy\" decoding=\"async\" width=\"150\" height=\"150\" src=\"https:\/\/ostrowskatv.pl\/wp-content\/uploads\/2016\/05\/wysocko-strzaly1-150x150.jpg\" class=\"attachment-thumbnail size-thumbnail\" alt=\"\" \/><\/a>\n\t\t\t<\/div><\/figure><figure class='gallery-item'>\n\t\t\t<div class='gallery-icon landscape'>\n\t\t\t\t<a href='https:\/\/ostrowskatv.pl\/?attachment_id=995'><img loading=\"lazy\" decoding=\"async\" width=\"150\" height=\"150\" src=\"https:\/\/ostrowskatv.pl\/wp-content\/uploads\/2016\/05\/wysocko-strzaly2-150x150.jpg\" class=\"attachment-thumbnail size-thumbnail\" alt=\"\" \/><\/a>\n\t\t\t<\/div><\/figure><figure class='gallery-item'>\n\t\t\t<div class='gallery-icon landscape'>\n\t\t\t\t<a href='https:\/\/ostrowskatv.pl\/?attachment_id=996'><img loading=\"lazy\" decoding=\"async\" width=\"150\" height=\"150\" src=\"https:\/\/ostrowskatv.pl\/wp-content\/uploads\/2016\/05\/wysocko-strzaly3-150x150.jpg\" class=\"attachment-thumbnail size-thumbnail\" alt=\"\" \/><\/a>\n\t\t\t<\/div><\/figure>\n\t\t<\/div>\n\n","protected":false},"excerpt":{"rendered":"W pi\u0105tek o godz. 15:00 dosz\u0142o do postrzelenia 55-latka. Policjanci przybyli do jednej z posesji przy ul. Jankowskiej w Wysocku Ma\u0142ym by przeprowadzi\u0107 \n<a class=\"moretag\" href=\"https:\/\/ostrowskatv.pl\/?p=993\"> [...]<\/a>","protected":false},"author":1,"featured_media":996,"comment_status":"open","ping_status":"open","sticky":false,"template":"","format":"standard","meta":{"footnotes":""},"categories":[1],"tags":[84],"class_list":["post-993","post","type-post","status-publish","format-standard","has-post-thumbnail","hentry","category-news","tag-wysocko-male"],"_links":{"self":[{"href":"https:\/\/ostrowskatv.pl\/index.php?rest_route=\/wp\/v2\/posts\/993","targetHints":{"allow":["GET"]}}],"collection":[{"href":"https:\/\/ostrowskatv.pl\/index.php?rest_route=\/wp\/v2\/posts"}],"about":[{"href":"https:\/\/ostrowskatv.pl\/index.php?rest_route=\/wp\/v2\/types\/post"}],"author":[{"embeddable":true,"href":"https:\/\/ostrowskatv.pl\/index.php?rest_route=\/wp\/v2\/users\/1"}],"replies":[{"embeddable":true,"href":"https:\/\/ostrowskatv.pl\/index.php?rest_route=%2Fwp%2Fv2%2Fcomments&post=993"}],"version-history":[{"count":0,"href":"https:\/\/ostrowskatv.pl\/index.php?rest_route=\/wp\/v2\/posts\/993\/revisions"}],"wp:featuredmedia":[{"embeddable":true,"href":"https:\/\/ostrowskatv.pl\/index.php?rest_route=\/wp\/v2\/media\/996"}],"wp:attachment":[{"href":"https:\/\/ostrowskatv.pl\/index.php?rest_route=%2Fwp%2Fv2%2Fmedia&parent=993"}],"wp:term":[{"taxonomy":"category","embeddable":true,"href":"https:\/\/ostrowskatv.pl\/index.php?rest_route=%2Fwp%2Fv2%2Fcategories&post=993"},{"taxonomy":"post_tag","embeddable":true,"href":"https:\/\/ostrowskatv.pl\/index.php?rest_route=%2Fwp%2Fv2%2Ftags&post=993"}],"curies":[{"name":"wp","href":"https:\/\/api.w.org\/{rel}","templated":true}]}}