{"id":99,"date":"2015-12-31T14:01:26","date_gmt":"2015-12-31T13:01:26","guid":{"rendered":"http:\/\/ostrowska.tv\/?p=99"},"modified":"2015-12-31T14:01:26","modified_gmt":"2015-12-31T13:01:26","slug":"paduch-vs-klimek-spor-o-swiateczne-zyczenia","status":"publish","type":"post","link":"https:\/\/ostrowskatv.pl\/?p=99","title":{"rendered":"Paduch vs Klimek. Sp\u00f3r o \u015bwi\u0105teczne \u017cyczenia"},"content":{"rendered":"<p><strong>Radny Jakub Paduch zarzuci\u0142 Beacie Klimek, \u017ce ta z\u0142o\u017cy\u0142a mieszka\u0144com Ostrowa Wielkopolskiego \u015bwi\u0105teczne \u017cyczenia z numeru telefonu, kt\u00f3ry nie by\u0142 do tego przeznaczony. Prezydent odpowiada, \u017ce to czepianie si\u0119.<\/strong><\/p>\n<p>{openx:1}<\/p>\n<p>&#8211;<em> Przed \u015bwi\u0119tami na telefony wielu ostrowian dotar\u0142y smsowe \u017cyczenia od pani prezydent. Nie mam nic przeciwko, \u017ceby one by\u0142y wysy\u0142ane z prywatnego numeru. Do tego celu zosta\u0142 jednak wykorzystany samorz\u0105dowy informator SMS, kt\u00f3ry ma by\u0107 docelowo systemem informacji o zagro\u017ceniach takich jak wichury, gwa\u0142towne burze, powodzie, katastrofy, awarie sieci wodoci\u0105gowej czy ciep\u0142owniczej, bezp\u0142atnych badaniach lekarskich, programach zdrowotnych, edukacji szkolnej i przedszkolnej, a tak\u017ce imprezach kulturalnych i sportowych. \u017byczenia nie mieszcz\u0105 si\u0119 w tym zakresie<\/em> \u2013 wyja\u015bni\u0142 <strong>Jakub Paduch.<\/strong><\/p>\n<p>Na zarzuty radnego odpowiedzia\u0142a prezydent Ostrowa Wielkopolskiego.<strong> Beata Klimek<\/strong> twierdzi, \u017ce w jej zachowaniu nie by\u0142o nic niestosownego. &#8211; <em>Odbieram to jako czepianie si\u0119. Przypominam sobie, \u017ce w przesz\u0142o\u015bci mieszka\u0144cy Ostrowa otrzymywali za pomoc\u0105 tego numeru telefonu zaproszenia na r\u00f3\u017cne wydarzenia czy imprezy kulturalne. Przes\u0142anie \u017cycze\u0144 nie jest w mojej ocenie \u017cadn\u0105 wielk\u0105 afer\u0105. Uznali\u015bmy, \u017ce to dobry spos\u00f3b z\u0142o\u017cenia \u017cycze\u0144 mieszka\u0144com Ostrowa, kt\u00f3rzy s\u0105 przecie\u017c dla nas niezwykle wa\u017cni. Nie chcieli\u015bmy ich sk\u0142ada\u0107 tylko za po\u015brednictwem lokalnych gazet czy telewizji<\/em> \u2013 odpowiedzia\u0142a <strong>Beata Klimek.<\/strong><\/p>\n<p>A co Pa\u0144stwo s\u0105dz\u0105 o ca\u0142ej sytuacji? Racj\u0119 ma radny<strong> Paduch<\/strong> czy prezydent <strong>Beata Klimek<\/strong>? Zach\u0119camy do dyskusji w komentarzach<\/p>\n","protected":false},"excerpt":{"rendered":"Radny Jakub Paduch zarzuci\u0142 Beacie Klimek, \u017ce ta z\u0142o\u017cy\u0142a mieszka\u0144com Ostrowa Wielkopolskiego \u015bwi\u0105teczne \u017cyczenia z numeru telefonu, kt\u00f3ry nie by\u0142 do tego przeznaczony. \n<a class=\"moretag\" href=\"https:\/\/ostrowskatv.pl\/?p=99\"> [...]<\/a>","protected":false},"author":1,"featured_media":100,"comment_status":"open","ping_status":"open","sticky":false,"template":"","format":"standard","meta":{"footnotes":""},"categories":[1],"tags":[2,16],"class_list":["post-99","post","type-post","status-publish","format-standard","has-post-thumbnail","hentry","category-news","tag-ostrow-wielkopolski","tag-radni"],"_links":{"self":[{"href":"https:\/\/ostrowskatv.pl\/index.php?rest_route=\/wp\/v2\/posts\/99","targetHints":{"allow":["GET"]}}],"collection":[{"href":"https:\/\/ostrowskatv.pl\/index.php?rest_route=\/wp\/v2\/posts"}],"about":[{"href":"https:\/\/ostrowskatv.pl\/index.php?rest_route=\/wp\/v2\/types\/post"}],"author":[{"embeddable":true,"href":"https:\/\/ostrowskatv.pl\/index.php?rest_route=\/wp\/v2\/users\/1"}],"replies":[{"embeddable":true,"href":"https:\/\/ostrowskatv.pl\/index.php?rest_route=%2Fwp%2Fv2%2Fcomments&post=99"}],"version-history":[{"count":0,"href":"https:\/\/ostrowskatv.pl\/index.php?rest_route=\/wp\/v2\/posts\/99\/revisions"}],"wp:featuredmedia":[{"embeddable":true,"href":"https:\/\/ostrowskatv.pl\/index.php?rest_route=\/wp\/v2\/media\/100"}],"wp:attachment":[{"href":"https:\/\/ostrowskatv.pl\/index.php?rest_route=%2Fwp%2Fv2%2Fmedia&parent=99"}],"wp:term":[{"taxonomy":"category","embeddable":true,"href":"https:\/\/ostrowskatv.pl\/index.php?rest_route=%2Fwp%2Fv2%2Fcategories&post=99"},{"taxonomy":"post_tag","embeddable":true,"href":"https:\/\/ostrowskatv.pl\/index.php?rest_route=%2Fwp%2Fv2%2Ftags&post=99"}],"curies":[{"name":"wp","href":"https:\/\/api.w.org\/{rel}","templated":true}]}}