{"id":9864,"date":"2019-07-13T19:09:14","date_gmt":"2019-07-13T18:09:14","guid":{"rendered":"http:\/\/ostrowska.tv\/?p=9864"},"modified":"2019-07-13T19:09:41","modified_gmt":"2019-07-13T18:09:41","slug":"bmw-skasowal-barierki-na-krotoszynskiej-i-probowal-sie-ewakuowac","status":"publish","type":"post","link":"https:\/\/ostrowskatv.pl\/?p=9864","title":{"rendered":"BMW skasowa\u0142 barierki na Krotoszy\u0144skiej i pr\u00f3bowa\u0142 si\u0119 ewakuowa\u0107 na lawecie"},"content":{"rendered":"<p><strong>Kierowca charakterystycznego BMW chyba zapomnia\u0142, \u017ce drogi krajowe, to nie tor wy\u015bcigowy. Najpierw jecha\u0142 od Krotoszyna i wyprzedza\u0142 po kilka aut. Po wjechaniu do Ostrowa, przemkn\u0105\u0142 przez rondo na ul. Krotoszy\u0144skiej, a p\u00f3\u017aniej gwa\u0142townie doda\u0142 gazu. BMW zacz\u0119\u0142o &#8222;ta\u0144czy\u0107&#8221; po drodze, a\u017c w ko\u0144cu wpad\u0142o w barierki po lewej stronie drogi. Dzi\u0119ki nim nie przejecha\u0142 kobiet id\u0105cych chodnikiem.\u00a0<\/strong><\/p>\n<p>M\u0119\u017cczyzna ani my\u015bla\u0142 powiadomi\u0107 policji i poczeka\u0107 na wymierzenie sprawiedliwo\u015bci. Szybko zadzwoni\u0142 po lawet\u0119. Pomoc drogowa b\u0142yskawicznie zjawi\u0142a si\u0119 na miejscu i zacz\u0119\u0142a pakowa\u0107 uszkodzone auto. \u015awiadkowie nie tylko przygl\u0105dali si\u0119 sytuacji, ale r\u00f3wnie\u017c powiadomili policj\u0119 o pr\u00f3bie ucieczki. Nieoznakowane policyjne BMW zdo\u0142a\u0142o przyby\u0107 zanim sprawca zdarzenia odjecha\u0142 na lawecie.<\/p>\n<p>Za spowodowanie kolizji zosta\u0142 ukarany mandatem karnym. M\u0119\u017cczyzna by\u0142 trze\u017awy.<\/p>\n<div id='gallery-1' class='gallery galleryid-9864 gallery-columns-3 gallery-size-thumbnail'><figure class='gallery-item'>\n\t\t\t<div class='gallery-icon portrait'>\n\t\t\t\t<a href='https:\/\/ostrowskatv.pl\/?attachment_id=9868'><img loading=\"lazy\" decoding=\"async\" width=\"150\" height=\"150\" src=\"https:\/\/ostrowskatv.pl\/wp-content\/uploads\/2019\/07\/bmw_kroto_01-150x150.jpg\" class=\"attachment-thumbnail size-thumbnail\" alt=\"\" \/><\/a>\n\t\t\t<\/div><\/figure><figure class='gallery-item'>\n\t\t\t<div class='gallery-icon landscape'>\n\t\t\t\t<a href='https:\/\/ostrowskatv.pl\/?attachment_id=9867'><img loading=\"lazy\" decoding=\"async\" width=\"150\" height=\"150\" src=\"https:\/\/ostrowskatv.pl\/wp-content\/uploads\/2019\/07\/bmw_kroto_02-150x150.jpg\" class=\"attachment-thumbnail size-thumbnail\" alt=\"\" \/><\/a>\n\t\t\t<\/div><\/figure><figure class='gallery-item'>\n\t\t\t<div class='gallery-icon landscape'>\n\t\t\t\t<a href='https:\/\/ostrowskatv.pl\/?attachment_id=9866'><img loading=\"lazy\" decoding=\"async\" width=\"150\" height=\"150\" src=\"https:\/\/ostrowskatv.pl\/wp-content\/uploads\/2019\/07\/bmw_kroto_03-150x150.jpg\" class=\"attachment-thumbnail size-thumbnail\" alt=\"\" \/><\/a>\n\t\t\t<\/div><\/figure><figure class='gallery-item'>\n\t\t\t<div class='gallery-icon landscape'>\n\t\t\t\t<a href='https:\/\/ostrowskatv.pl\/?attachment_id=9865'><img loading=\"lazy\" decoding=\"async\" width=\"150\" height=\"150\" src=\"https:\/\/ostrowskatv.pl\/wp-content\/uploads\/2019\/07\/bmw_kroto_04-150x150.jpg\" class=\"attachment-thumbnail size-thumbnail\" alt=\"\" \/><\/a>\n\t\t\t<\/div><\/figure>\n\t\t<\/div>\n\n","protected":false},"excerpt":{"rendered":"Kierowca charakterystycznego BMW chyba zapomnia\u0142, \u017ce drogi krajowe, to nie tor wy\u015bcigowy. Najpierw jecha\u0142 od Krotoszyna i wyprzedza\u0142 po kilka aut. Po wjechaniu \n<a class=\"moretag\" href=\"https:\/\/ostrowskatv.pl\/?p=9864\"> [...]<\/a>","protected":false},"author":1,"featured_media":9866,"comment_status":"open","ping_status":"closed","sticky":false,"template":"","format":"standard","meta":{"footnotes":""},"categories":[1],"tags":[2],"class_list":["post-9864","post","type-post","status-publish","format-standard","has-post-thumbnail","hentry","category-news","tag-ostrow-wielkopolski"],"_links":{"self":[{"href":"https:\/\/ostrowskatv.pl\/index.php?rest_route=\/wp\/v2\/posts\/9864","targetHints":{"allow":["GET"]}}],"collection":[{"href":"https:\/\/ostrowskatv.pl\/index.php?rest_route=\/wp\/v2\/posts"}],"about":[{"href":"https:\/\/ostrowskatv.pl\/index.php?rest_route=\/wp\/v2\/types\/post"}],"author":[{"embeddable":true,"href":"https:\/\/ostrowskatv.pl\/index.php?rest_route=\/wp\/v2\/users\/1"}],"replies":[{"embeddable":true,"href":"https:\/\/ostrowskatv.pl\/index.php?rest_route=%2Fwp%2Fv2%2Fcomments&post=9864"}],"version-history":[{"count":0,"href":"https:\/\/ostrowskatv.pl\/index.php?rest_route=\/wp\/v2\/posts\/9864\/revisions"}],"wp:featuredmedia":[{"embeddable":true,"href":"https:\/\/ostrowskatv.pl\/index.php?rest_route=\/wp\/v2\/media\/9866"}],"wp:attachment":[{"href":"https:\/\/ostrowskatv.pl\/index.php?rest_route=%2Fwp%2Fv2%2Fmedia&parent=9864"}],"wp:term":[{"taxonomy":"category","embeddable":true,"href":"https:\/\/ostrowskatv.pl\/index.php?rest_route=%2Fwp%2Fv2%2Fcategories&post=9864"},{"taxonomy":"post_tag","embeddable":true,"href":"https:\/\/ostrowskatv.pl\/index.php?rest_route=%2Fwp%2Fv2%2Ftags&post=9864"}],"curies":[{"name":"wp","href":"https:\/\/api.w.org\/{rel}","templated":true}]}}