{"id":9859,"date":"2019-07-12T17:19:59","date_gmt":"2019-07-12T16:19:59","guid":{"rendered":"http:\/\/ostrowska.tv\/?p=9859"},"modified":"2019-07-12T17:19:59","modified_gmt":"2019-07-12T16:19:59","slug":"splonelo-auto-w-droszewie-kobieta-poparzona","status":"publish","type":"post","link":"https:\/\/ostrowskatv.pl\/?p=9859","title":{"rendered":"Sp\u0142on\u0119\u0142o auto w Droszewie. Kobieta poparzona"},"content":{"rendered":"<p><strong>W pi\u0105tkowe popo\u0142udnie dosz\u0142o do po\u017caru auta. Ogie\u0144 doszcz\u0119tnie strawi\u0142 pojazd. Podczas zdarzenia ucierpia\u0142a kobieta. Dozna\u0142a poparze\u0144 r\u0119ki.<\/strong><\/p>\n<div id='gallery-1' class='gallery galleryid-9859 gallery-columns-3 gallery-size-thumbnail'><figure class='gallery-item'>\n\t\t\t<div class='gallery-icon landscape'>\n\t\t\t\t<a href='https:\/\/ostrowskatv.pl\/?attachment_id=9860'><img loading=\"lazy\" decoding=\"async\" width=\"150\" height=\"150\" src=\"https:\/\/ostrowskatv.pl\/wp-content\/uploads\/2019\/07\/received_2346892998737544-01-150x150.jpeg\" class=\"attachment-thumbnail size-thumbnail\" alt=\"\" \/><\/a>\n\t\t\t<\/div><\/figure><figure class='gallery-item'>\n\t\t\t<div class='gallery-icon landscape'>\n\t\t\t\t<a href='https:\/\/ostrowskatv.pl\/?attachment_id=9861'><img loading=\"lazy\" decoding=\"async\" width=\"150\" height=\"150\" src=\"https:\/\/ostrowskatv.pl\/wp-content\/uploads\/2019\/07\/received_2343596195886098-01-150x150.jpeg\" class=\"attachment-thumbnail size-thumbnail\" alt=\"\" \/><\/a>\n\t\t\t<\/div><\/figure><figure class='gallery-item'>\n\t\t\t<div class='gallery-icon landscape'>\n\t\t\t\t<a href='https:\/\/ostrowskatv.pl\/?attachment_id=9862'><img loading=\"lazy\" decoding=\"async\" width=\"150\" height=\"150\" src=\"https:\/\/ostrowskatv.pl\/wp-content\/uploads\/2019\/07\/received_893735150984355-01-150x150.jpeg\" class=\"attachment-thumbnail size-thumbnail\" alt=\"\" \/><\/a>\n\t\t\t<\/div><\/figure>\n\t\t<\/div>\n\n<p>Autor zdj\u0119\u0107: Sylwia Bieberstein<\/p>\n","protected":false},"excerpt":{"rendered":"W pi\u0105tkowe popo\u0142udnie dosz\u0142o do po\u017caru auta. Ogie\u0144 doszcz\u0119tnie strawi\u0142 pojazd. Podczas zdarzenia ucierpia\u0142a kobieta. Dozna\u0142a poparze\u0144 r\u0119ki. Autor zdj\u0119\u0107: Sylwia Bieberstein\n<a class=\"moretag\" href=\"https:\/\/ostrowskatv.pl\/?p=9859\"> [...]<\/a>","protected":false},"author":1,"featured_media":9862,"comment_status":"open","ping_status":"closed","sticky":false,"template":"","format":"standard","meta":{"footnotes":""},"categories":[1],"tags":[150],"class_list":["post-9859","post","type-post","status-publish","format-standard","has-post-thumbnail","hentry","category-news","tag-gm-nowe-skalmierzyce"],"_links":{"self":[{"href":"https:\/\/ostrowskatv.pl\/index.php?rest_route=\/wp\/v2\/posts\/9859","targetHints":{"allow":["GET"]}}],"collection":[{"href":"https:\/\/ostrowskatv.pl\/index.php?rest_route=\/wp\/v2\/posts"}],"about":[{"href":"https:\/\/ostrowskatv.pl\/index.php?rest_route=\/wp\/v2\/types\/post"}],"author":[{"embeddable":true,"href":"https:\/\/ostrowskatv.pl\/index.php?rest_route=\/wp\/v2\/users\/1"}],"replies":[{"embeddable":true,"href":"https:\/\/ostrowskatv.pl\/index.php?rest_route=%2Fwp%2Fv2%2Fcomments&post=9859"}],"version-history":[{"count":0,"href":"https:\/\/ostrowskatv.pl\/index.php?rest_route=\/wp\/v2\/posts\/9859\/revisions"}],"wp:featuredmedia":[{"embeddable":true,"href":"https:\/\/ostrowskatv.pl\/index.php?rest_route=\/wp\/v2\/media\/9862"}],"wp:attachment":[{"href":"https:\/\/ostrowskatv.pl\/index.php?rest_route=%2Fwp%2Fv2%2Fmedia&parent=9859"}],"wp:term":[{"taxonomy":"category","embeddable":true,"href":"https:\/\/ostrowskatv.pl\/index.php?rest_route=%2Fwp%2Fv2%2Fcategories&post=9859"},{"taxonomy":"post_tag","embeddable":true,"href":"https:\/\/ostrowskatv.pl\/index.php?rest_route=%2Fwp%2Fv2%2Ftags&post=9859"}],"curies":[{"name":"wp","href":"https:\/\/api.w.org\/{rel}","templated":true}]}}