{"id":9846,"date":"2019-07-11T15:34:38","date_gmt":"2019-07-11T14:34:38","guid":{"rendered":"http:\/\/ostrowska.tv\/?p=9846"},"modified":"2019-07-11T15:37:47","modified_gmt":"2019-07-11T14:37:47","slug":"kolejny-wypadek-bema-i-batorego-peugeot-i-volkswagen","status":"publish","type":"post","link":"https:\/\/ostrowskatv.pl\/?p=9846","title":{"rendered":"Kolejny wypadek Bema i Batorego. Peugeot i Volkswagen"},"content":{"rendered":"<p><strong>Po godzinie 16.00 dosz\u0142o do wypadku dw\u00f3ch aut osobowych na skrzy\u017cowaniu ulic Bema i Batorego w Ostrowie Wlkp. Zderzy\u0142y si\u0119 Volkswagen Golf i Peugeot Partner, oba kierowane przez m\u0119\u017cczyzn.<\/strong><\/p>\n<p>Kierowca Peugeota jest pewny, \u017ce wjecha\u0142 na zielonym \u015bwietle. M\u0142ody kierowca z Volkswagena nie pami\u0119ta zdarzenia. Obaj wyszli o w\u0142asnych si\u0142ach, ale dalszej diagnostyki wymaga\u0142 potencjalny sprawca zdarzenia.<\/p>\n<div id='gallery-1' class='gallery galleryid-9846 gallery-columns-3 gallery-size-thumbnail'><figure class='gallery-item'>\n\t\t\t<div class='gallery-icon landscape'>\n\t\t\t\t<a href='https:\/\/ostrowskatv.pl\/?attachment_id=9847'><img loading=\"lazy\" decoding=\"async\" width=\"150\" height=\"150\" src=\"https:\/\/ostrowskatv.pl\/wp-content\/uploads\/2019\/07\/IMG_20190711_162540-01-150x150.jpeg\" class=\"attachment-thumbnail size-thumbnail\" alt=\"\" \/><\/a>\n\t\t\t<\/div><\/figure><figure class='gallery-item'>\n\t\t\t<div class='gallery-icon landscape'>\n\t\t\t\t<a href='https:\/\/ostrowskatv.pl\/?attachment_id=9848'><img loading=\"lazy\" decoding=\"async\" width=\"150\" height=\"150\" src=\"https:\/\/ostrowskatv.pl\/wp-content\/uploads\/2019\/07\/IMG_20190711_162708-01-150x150.jpeg\" class=\"attachment-thumbnail size-thumbnail\" alt=\"\" \/><\/a>\n\t\t\t<\/div><\/figure><figure class='gallery-item'>\n\t\t\t<div class='gallery-icon landscape'>\n\t\t\t\t<a href='https:\/\/ostrowskatv.pl\/?attachment_id=9849'><img loading=\"lazy\" decoding=\"async\" width=\"150\" height=\"150\" src=\"https:\/\/ostrowskatv.pl\/wp-content\/uploads\/2019\/07\/IMG_20190711_162642-01-150x150.jpeg\" class=\"attachment-thumbnail size-thumbnail\" alt=\"\" \/><\/a>\n\t\t\t<\/div><\/figure>\n\t\t<\/div>\n\n<p>&nbsp;<\/p>\n<p>&nbsp;<\/p>\n","protected":false},"excerpt":{"rendered":"Po godzinie 16.00 dosz\u0142o do wypadku dw\u00f3ch aut osobowych na skrzy\u017cowaniu ulic Bema i Batorego w Ostrowie Wlkp. Zderzy\u0142y si\u0119 Volkswagen Golf i \n<a class=\"moretag\" href=\"https:\/\/ostrowskatv.pl\/?p=9846\"> [...]<\/a>","protected":false},"author":1,"featured_media":9847,"comment_status":"open","ping_status":"closed","sticky":false,"template":"","format":"standard","meta":{"footnotes":""},"categories":[1],"tags":[2],"class_list":["post-9846","post","type-post","status-publish","format-standard","has-post-thumbnail","hentry","category-news","tag-ostrow-wielkopolski"],"_links":{"self":[{"href":"https:\/\/ostrowskatv.pl\/index.php?rest_route=\/wp\/v2\/posts\/9846","targetHints":{"allow":["GET"]}}],"collection":[{"href":"https:\/\/ostrowskatv.pl\/index.php?rest_route=\/wp\/v2\/posts"}],"about":[{"href":"https:\/\/ostrowskatv.pl\/index.php?rest_route=\/wp\/v2\/types\/post"}],"author":[{"embeddable":true,"href":"https:\/\/ostrowskatv.pl\/index.php?rest_route=\/wp\/v2\/users\/1"}],"replies":[{"embeddable":true,"href":"https:\/\/ostrowskatv.pl\/index.php?rest_route=%2Fwp%2Fv2%2Fcomments&post=9846"}],"version-history":[{"count":0,"href":"https:\/\/ostrowskatv.pl\/index.php?rest_route=\/wp\/v2\/posts\/9846\/revisions"}],"wp:featuredmedia":[{"embeddable":true,"href":"https:\/\/ostrowskatv.pl\/index.php?rest_route=\/wp\/v2\/media\/9847"}],"wp:attachment":[{"href":"https:\/\/ostrowskatv.pl\/index.php?rest_route=%2Fwp%2Fv2%2Fmedia&parent=9846"}],"wp:term":[{"taxonomy":"category","embeddable":true,"href":"https:\/\/ostrowskatv.pl\/index.php?rest_route=%2Fwp%2Fv2%2Fcategories&post=9846"},{"taxonomy":"post_tag","embeddable":true,"href":"https:\/\/ostrowskatv.pl\/index.php?rest_route=%2Fwp%2Fv2%2Ftags&post=9846"}],"curies":[{"name":"wp","href":"https:\/\/api.w.org\/{rel}","templated":true}]}}