{"id":9841,"date":"2019-07-11T09:53:19","date_gmt":"2019-07-11T08:53:19","guid":{"rendered":"http:\/\/ostrowska.tv\/?p=9841"},"modified":"2019-07-11T09:53:19","modified_gmt":"2019-07-11T08:53:19","slug":"2-osoby-zginely-na-dk11","status":"publish","type":"post","link":"https:\/\/ostrowskatv.pl\/?p=9841","title":{"rendered":"2 osoby zgin\u0119\u0142y na DK11"},"content":{"rendered":"<p><strong>O godzinie 6 rano dosz\u0142o do wypadku na drodze krajowej nr 11 w miejscowo\u015bci Siemianice k. K\u0119pna. 2 osoby zgin\u0119\u0142y na miejscu. S\u0105 to m\u0119\u017cczy\u017ani w wieku 18 i 28 lat. Trzecia osoba podr\u00f3\u017cuj\u0105ca Mazd\u0105 (powiat kluczborski) zosta\u0142a przetransportowana karetk\u0105 do szpitala. Kierowcy samochodu ci\u0119\u017carowego (powiat ostrowski) nic si\u0119 nie sta\u0142o.<\/strong><\/p>\n<p>Ze wst\u0119pnych ustale\u0144 policji wynika, \u017ce samoch\u00f3d osobowy z nieznanych przyczyn zjecha\u0142 na przeciwny pas ruchu i zderzy\u0142 si\u0119 z pojazdem ci\u0119\u017carowym. Na miejsce wys\u0142ano 7 jednostek stra\u017cy po\u017carnej. Droga jest zablokowana. Policja wprowadzi\u0142a objazdy. 2 osoby zgin\u0119\u0142y w zderzeniu.<\/p>\n<div id='gallery-1' class='gallery galleryid-9841 gallery-columns-3 gallery-size-thumbnail'><figure class='gallery-item'>\n\t\t\t<div class='gallery-icon landscape'>\n\t\t\t\t<a href='https:\/\/ostrowskatv.pl\/?attachment_id=9842'><img loading=\"lazy\" decoding=\"async\" width=\"150\" height=\"150\" src=\"https:\/\/ostrowskatv.pl\/wp-content\/uploads\/2019\/07\/IMG_20190711_093133-01-150x150.jpeg\" class=\"attachment-thumbnail size-thumbnail\" alt=\"\" \/><\/a>\n\t\t\t<\/div><\/figure><figure class='gallery-item'>\n\t\t\t<div class='gallery-icon landscape'>\n\t\t\t\t<a href='https:\/\/ostrowskatv.pl\/?attachment_id=9843'><img loading=\"lazy\" decoding=\"async\" width=\"150\" height=\"150\" src=\"https:\/\/ostrowskatv.pl\/wp-content\/uploads\/2019\/07\/IMG_20190711_093500-01-150x150.jpeg\" class=\"attachment-thumbnail size-thumbnail\" alt=\"\" \/><\/a>\n\t\t\t<\/div><\/figure><figure class='gallery-item'>\n\t\t\t<div class='gallery-icon landscape'>\n\t\t\t\t<a href='https:\/\/ostrowskatv.pl\/?attachment_id=9844'><img loading=\"lazy\" decoding=\"async\" width=\"150\" height=\"150\" src=\"https:\/\/ostrowskatv.pl\/wp-content\/uploads\/2019\/07\/IMG_20190711_093455-01-150x150.jpeg\" class=\"attachment-thumbnail size-thumbnail\" alt=\"\" \/><\/a>\n\t\t\t<\/div><\/figure>\n\t\t<\/div>\n\n","protected":false},"excerpt":{"rendered":"O godzinie 6 rano dosz\u0142o do wypadku na drodze krajowej nr 11 w miejscowo\u015bci Siemianice k. K\u0119pna. 2 osoby zgin\u0119\u0142y na miejscu. S\u0105 \n<a class=\"moretag\" href=\"https:\/\/ostrowskatv.pl\/?p=9841\"> [...]<\/a>","protected":false},"author":1,"featured_media":9842,"comment_status":"open","ping_status":"closed","sticky":false,"template":"","format":"standard","meta":{"footnotes":""},"categories":[1],"tags":[],"class_list":["post-9841","post","type-post","status-publish","format-standard","has-post-thumbnail","hentry","category-news"],"_links":{"self":[{"href":"https:\/\/ostrowskatv.pl\/index.php?rest_route=\/wp\/v2\/posts\/9841","targetHints":{"allow":["GET"]}}],"collection":[{"href":"https:\/\/ostrowskatv.pl\/index.php?rest_route=\/wp\/v2\/posts"}],"about":[{"href":"https:\/\/ostrowskatv.pl\/index.php?rest_route=\/wp\/v2\/types\/post"}],"author":[{"embeddable":true,"href":"https:\/\/ostrowskatv.pl\/index.php?rest_route=\/wp\/v2\/users\/1"}],"replies":[{"embeddable":true,"href":"https:\/\/ostrowskatv.pl\/index.php?rest_route=%2Fwp%2Fv2%2Fcomments&post=9841"}],"version-history":[{"count":0,"href":"https:\/\/ostrowskatv.pl\/index.php?rest_route=\/wp\/v2\/posts\/9841\/revisions"}],"wp:featuredmedia":[{"embeddable":true,"href":"https:\/\/ostrowskatv.pl\/index.php?rest_route=\/wp\/v2\/media\/9842"}],"wp:attachment":[{"href":"https:\/\/ostrowskatv.pl\/index.php?rest_route=%2Fwp%2Fv2%2Fmedia&parent=9841"}],"wp:term":[{"taxonomy":"category","embeddable":true,"href":"https:\/\/ostrowskatv.pl\/index.php?rest_route=%2Fwp%2Fv2%2Fcategories&post=9841"},{"taxonomy":"post_tag","embeddable":true,"href":"https:\/\/ostrowskatv.pl\/index.php?rest_route=%2Fwp%2Fv2%2Ftags&post=9841"}],"curies":[{"name":"wp","href":"https:\/\/api.w.org\/{rel}","templated":true}]}}