{"id":9833,"date":"2019-07-07T18:38:44","date_gmt":"2019-07-07T17:38:44","guid":{"rendered":"http:\/\/ostrowska.tv\/?p=9833"},"modified":"2019-07-07T18:40:14","modified_gmt":"2019-07-07T17:40:14","slug":"skradziono-kolejne-bmw-tym-razem-policja-spektakularnie-je-odzyskala","status":"publish","type":"post","link":"https:\/\/ostrowskatv.pl\/?p=9833","title":{"rendered":"Skradziono kolejne BMW. Tym razem policja spektakularnie je odzyska\u0142a"},"content":{"rendered":"<p><strong>Do kolejnej kradzie\u017cy BMW dosz\u0142o w powiecie ostrowskim w ostatnich dniach. Tym razem z\u0142odziej w spos\u00f3b zuchwa\u0142y przej\u0105\u0142 samoch\u00f3d na parkingu le\u015bnym pomi\u0119dzy Franklinowem, a Szczurami przy drodze krajowej nr 11. Skradzione auto to BMW X3, zarejestrowane w powiecie tureckim.\u00a0<\/strong><\/p>\n<p>Oko\u0142o godziny 17.30 m\u0119\u017cczyzna w wieku oko\u0142o 55 lat zatrzyma\u0142 si\u0119 w lasku. Napastnik wsiad\u0142 do BMW X3 i odjecha\u0142. Po chwili zatankowa\u0142 paliwo na stacji paliw przy ul. Krotoszy\u0144skiej. Policjanci wystawili posterunki obserwacyjno-blokadowe.<\/p>\n<p>Jak si\u0119 okaza\u0142o skradzione BMW pogna\u0142o w stron\u0119 Krotoszyna. Tam uda\u0142o si\u0119 go zatrzyma\u0107 na stacji wulkanizacyjnej, poniewa\u017c podczas ucieczki uszkodzi\u0142 sobie ko\u0142o.<\/p>\n<p>Trwa wyja\u015bnianie szczeg\u00f3\u0142\u00f3w zdarzenia. Widoczny na zdj\u0119ciu Opel Astra jest po\u0142\u0105czony ze zdarzeniem w ten spos\u00f3b, \u017ce wcze\u015bniej dwie kobiety w \u015brednim wieku podwozi\u0142y napastnika na trasie. Pono\u0107 go nie zna\u0142y.<\/p>\n<div id='gallery-1' class='gallery galleryid-9833 gallery-columns-3 gallery-size-thumbnail'><figure class='gallery-item'>\n\t\t\t<div class='gallery-icon landscape'>\n\t\t\t\t<a href='https:\/\/ostrowskatv.pl\/?attachment_id=9834'><img loading=\"lazy\" decoding=\"async\" width=\"150\" height=\"150\" src=\"https:\/\/ostrowskatv.pl\/wp-content\/uploads\/2019\/07\/IMG_20190707_175824-01-150x150.jpeg\" class=\"attachment-thumbnail size-thumbnail\" alt=\"\" \/><\/a>\n\t\t\t<\/div><\/figure><figure class='gallery-item'>\n\t\t\t<div class='gallery-icon portrait'>\n\t\t\t\t<a href='https:\/\/ostrowskatv.pl\/?attachment_id=9835'><img loading=\"lazy\" decoding=\"async\" width=\"150\" height=\"150\" src=\"https:\/\/ostrowskatv.pl\/wp-content\/uploads\/2019\/07\/IMG_20190707_180054-01-150x150.jpeg\" class=\"attachment-thumbnail size-thumbnail\" alt=\"\" \/><\/a>\n\t\t\t<\/div><\/figure><figure class='gallery-item'>\n\t\t\t<div class='gallery-icon landscape'>\n\t\t\t\t<a href='https:\/\/ostrowskatv.pl\/?attachment_id=9836'><img loading=\"lazy\" decoding=\"async\" width=\"150\" height=\"150\" src=\"https:\/\/ostrowskatv.pl\/wp-content\/uploads\/2019\/07\/bmw_krotoszyn1-150x150.jpeg\" class=\"attachment-thumbnail size-thumbnail\" alt=\"\" \/><\/a>\n\t\t\t<\/div><\/figure><figure class='gallery-item'>\n\t\t\t<div class='gallery-icon landscape'>\n\t\t\t\t<a href='https:\/\/ostrowskatv.pl\/?attachment_id=9837'><img loading=\"lazy\" decoding=\"async\" width=\"150\" height=\"150\" src=\"https:\/\/ostrowskatv.pl\/wp-content\/uploads\/2019\/07\/bmw_krotoszyn2-150x150.jpeg\" class=\"attachment-thumbnail size-thumbnail\" alt=\"\" \/><\/a>\n\t\t\t<\/div><\/figure>\n\t\t<\/div>\n\n","protected":false},"excerpt":{"rendered":"Do kolejnej kradzie\u017cy BMW dosz\u0142o w powiecie ostrowskim w ostatnich dniach. Tym razem z\u0142odziej w spos\u00f3b zuchwa\u0142y przej\u0105\u0142 samoch\u00f3d na parkingu le\u015bnym pomi\u0119dzy \n<a class=\"moretag\" href=\"https:\/\/ostrowskatv.pl\/?p=9833\"> [...]<\/a>","protected":false},"author":1,"featured_media":9836,"comment_status":"open","ping_status":"closed","sticky":false,"template":"","format":"standard","meta":{"footnotes":""},"categories":[1],"tags":[120],"class_list":["post-9833","post","type-post","status-publish","format-standard","has-post-thumbnail","hentry","category-news","tag-powiat-ostrowski"],"_links":{"self":[{"href":"https:\/\/ostrowskatv.pl\/index.php?rest_route=\/wp\/v2\/posts\/9833","targetHints":{"allow":["GET"]}}],"collection":[{"href":"https:\/\/ostrowskatv.pl\/index.php?rest_route=\/wp\/v2\/posts"}],"about":[{"href":"https:\/\/ostrowskatv.pl\/index.php?rest_route=\/wp\/v2\/types\/post"}],"author":[{"embeddable":true,"href":"https:\/\/ostrowskatv.pl\/index.php?rest_route=\/wp\/v2\/users\/1"}],"replies":[{"embeddable":true,"href":"https:\/\/ostrowskatv.pl\/index.php?rest_route=%2Fwp%2Fv2%2Fcomments&post=9833"}],"version-history":[{"count":0,"href":"https:\/\/ostrowskatv.pl\/index.php?rest_route=\/wp\/v2\/posts\/9833\/revisions"}],"wp:featuredmedia":[{"embeddable":true,"href":"https:\/\/ostrowskatv.pl\/index.php?rest_route=\/wp\/v2\/media\/9836"}],"wp:attachment":[{"href":"https:\/\/ostrowskatv.pl\/index.php?rest_route=%2Fwp%2Fv2%2Fmedia&parent=9833"}],"wp:term":[{"taxonomy":"category","embeddable":true,"href":"https:\/\/ostrowskatv.pl\/index.php?rest_route=%2Fwp%2Fv2%2Fcategories&post=9833"},{"taxonomy":"post_tag","embeddable":true,"href":"https:\/\/ostrowskatv.pl\/index.php?rest_route=%2Fwp%2Fv2%2Ftags&post=9833"}],"curies":[{"name":"wp","href":"https:\/\/api.w.org\/{rel}","templated":true}]}}