{"id":9827,"date":"2019-07-04T16:00:47","date_gmt":"2019-07-04T15:00:47","guid":{"rendered":"http:\/\/ostrowska.tv\/?p=9827"},"modified":"2019-07-04T16:00:47","modified_gmt":"2019-07-04T15:00:47","slug":"ciezarowka-wjechal-w-drzewo-o-dziwo-wyszedl-bez-szwanku","status":"publish","type":"post","link":"https:\/\/ostrowskatv.pl\/?p=9827","title":{"rendered":"Ci\u0119\u017car\u00f3wk\u0105 wjecha\u0142 w drzewo. O dziwo wyszed\u0142 bez szwanku"},"content":{"rendered":"<p><strong>O du\u017cym szcz\u0119\u015bciu mo\u017ce m\u00f3wi\u0107 kierowca ci\u0119\u017carowego Mercedesa, kt\u00f3ry zjecha\u0142 z drogi i uderzy\u0142 drzewo. Kabina zosta\u0142a tak mocno uszkodzona, \u017ce gdyby jecha\u0142 pasa\u017cer, mia\u0142by zakleszczone nogi.<\/strong><\/p>\n<p>Obywatel Ukrainy twierdzi\u0142, \u017ce wpad\u0142 dziur\u0119. Widoczny \u015blad na poboczu pozwala przypuszcza\u0107, \u017ce auto jecha\u0142o oko\u0142o stu metr\u00f3w poboczem, a\u017c do momentu uderzenia w drzewo.<\/p>\n<p>Dopiero po dw\u00f3ch godzinach kto\u015b zadzwoni\u0142 na policj\u0119. Chwil\u0119 przed przyjazdem radiowozu, dojecha\u0142 drugi samoch\u00f3d z katowickiej firmy.<\/p>\n<p>Do zdarzenia dosz\u0142o na drodze G\u00f3rzno &#8211; Biniew.<\/p>\n<div id='gallery-1' class='gallery galleryid-9827 gallery-columns-3 gallery-size-thumbnail'><figure class='gallery-item'>\n\t\t\t<div class='gallery-icon portrait'>\n\t\t\t\t<a href='https:\/\/ostrowskatv.pl\/?attachment_id=9828'><img loading=\"lazy\" decoding=\"async\" width=\"150\" height=\"150\" src=\"https:\/\/ostrowskatv.pl\/wp-content\/uploads\/2019\/07\/IMG_20190704_162738-01-150x150.jpeg\" class=\"attachment-thumbnail size-thumbnail\" alt=\"\" \/><\/a>\n\t\t\t<\/div><\/figure><figure class='gallery-item'>\n\t\t\t<div class='gallery-icon portrait'>\n\t\t\t\t<a href='https:\/\/ostrowskatv.pl\/?attachment_id=9829'><img loading=\"lazy\" decoding=\"async\" width=\"150\" height=\"150\" src=\"https:\/\/ostrowskatv.pl\/wp-content\/uploads\/2019\/07\/IMG_20190704_162728-01-150x150.jpeg\" class=\"attachment-thumbnail size-thumbnail\" alt=\"\" \/><\/a>\n\t\t\t<\/div><\/figure><figure class='gallery-item'>\n\t\t\t<div class='gallery-icon portrait'>\n\t\t\t\t<a href='https:\/\/ostrowskatv.pl\/?attachment_id=9830'><img loading=\"lazy\" decoding=\"async\" width=\"150\" height=\"150\" src=\"https:\/\/ostrowskatv.pl\/wp-content\/uploads\/2019\/07\/IMG_20190704_162413-01-150x150.jpeg\" class=\"attachment-thumbnail size-thumbnail\" alt=\"\" \/><\/a>\n\t\t\t<\/div><\/figure>\n\t\t<\/div>\n\n","protected":false},"excerpt":{"rendered":"O du\u017cym szcz\u0119\u015bciu mo\u017ce m\u00f3wi\u0107 kierowca ci\u0119\u017carowego Mercedesa, kt\u00f3ry zjecha\u0142 z drogi i uderzy\u0142 drzewo. Kabina zosta\u0142a tak mocno uszkodzona, \u017ce gdyby jecha\u0142 \n<a class=\"moretag\" href=\"https:\/\/ostrowskatv.pl\/?p=9827\"> [...]<\/a>","protected":false},"author":1,"featured_media":9830,"comment_status":"open","ping_status":"closed","sticky":false,"template":"","format":"standard","meta":{"footnotes":""},"categories":[1],"tags":[88],"class_list":["post-9827","post","type-post","status-publish","format-standard","has-post-thumbnail","hentry","category-news","tag-gorzno"],"_links":{"self":[{"href":"https:\/\/ostrowskatv.pl\/index.php?rest_route=\/wp\/v2\/posts\/9827","targetHints":{"allow":["GET"]}}],"collection":[{"href":"https:\/\/ostrowskatv.pl\/index.php?rest_route=\/wp\/v2\/posts"}],"about":[{"href":"https:\/\/ostrowskatv.pl\/index.php?rest_route=\/wp\/v2\/types\/post"}],"author":[{"embeddable":true,"href":"https:\/\/ostrowskatv.pl\/index.php?rest_route=\/wp\/v2\/users\/1"}],"replies":[{"embeddable":true,"href":"https:\/\/ostrowskatv.pl\/index.php?rest_route=%2Fwp%2Fv2%2Fcomments&post=9827"}],"version-history":[{"count":0,"href":"https:\/\/ostrowskatv.pl\/index.php?rest_route=\/wp\/v2\/posts\/9827\/revisions"}],"wp:featuredmedia":[{"embeddable":true,"href":"https:\/\/ostrowskatv.pl\/index.php?rest_route=\/wp\/v2\/media\/9830"}],"wp:attachment":[{"href":"https:\/\/ostrowskatv.pl\/index.php?rest_route=%2Fwp%2Fv2%2Fmedia&parent=9827"}],"wp:term":[{"taxonomy":"category","embeddable":true,"href":"https:\/\/ostrowskatv.pl\/index.php?rest_route=%2Fwp%2Fv2%2Fcategories&post=9827"},{"taxonomy":"post_tag","embeddable":true,"href":"https:\/\/ostrowskatv.pl\/index.php?rest_route=%2Fwp%2Fv2%2Ftags&post=9827"}],"curies":[{"name":"wp","href":"https:\/\/api.w.org\/{rel}","templated":true}]}}