{"id":9821,"date":"2019-07-04T15:41:57","date_gmt":"2019-07-04T14:41:57","guid":{"rendered":"http:\/\/ostrowska.tv\/?p=9821"},"modified":"2019-07-04T15:41:57","modified_gmt":"2019-07-04T14:41:57","slug":"czolowe-zderzenie-szczurawice-moszczanka-bmw-zatrzymalo-sie-w-polu","status":"publish","type":"post","link":"https:\/\/ostrowskatv.pl\/?p=9821","title":{"rendered":"Czo\u0142owe zderzenie Szczurawice-Moszczanka. BMW zatrzyma\u0142o si\u0119 w polu"},"content":{"rendered":"<p><strong>W czwartkowe popo\u0142udnie dosz\u0142o do wypadku na drodze Moszczanka-Szczurawice. Na w\u0105skiej drodze czo\u0142owo zderzy\u0142y si\u0119 Peugeot i BMW. Obaj kierowcy uskar\u017cali si\u0119 na b\u00f3le szyi, brzucha i r\u0119ki.\u00a0<\/strong><\/p>\n<p>Ze wst\u0119pnych relacji wynika, \u017ce kierowca bia\u0142ego Peugeota zjecha\u0142 cz\u0119\u015bciowo na lewy pas i uderzy\u0142 w BMW. W obu autach zosta\u0142y naderwane ko\u0142a. BMW zatrzyma\u0142o si\u0119 na pobliskim polu. Na miejsce wezwano karetk\u0119 z lekarzem, stra\u017c po\u017carn\u0105 i policj\u0119.<\/p>\n<div id='gallery-1' class='gallery galleryid-9821 gallery-columns-3 gallery-size-thumbnail'><figure class='gallery-item'>\n\t\t\t<div class='gallery-icon landscape'>\n\t\t\t\t<a href='https:\/\/ostrowskatv.pl\/?attachment_id=9822'><img loading=\"lazy\" decoding=\"async\" width=\"150\" height=\"150\" src=\"https:\/\/ostrowskatv.pl\/wp-content\/uploads\/2019\/07\/IMG_20190704_160949-01-150x150.jpeg\" class=\"attachment-thumbnail size-thumbnail\" alt=\"\" \/><\/a>\n\t\t\t<\/div><\/figure><figure class='gallery-item'>\n\t\t\t<div class='gallery-icon landscape'>\n\t\t\t\t<a href='https:\/\/ostrowskatv.pl\/?attachment_id=9823'><img loading=\"lazy\" decoding=\"async\" width=\"150\" height=\"150\" src=\"https:\/\/ostrowskatv.pl\/wp-content\/uploads\/2019\/07\/IMG_20190704_161225-01-150x150.jpeg\" class=\"attachment-thumbnail size-thumbnail\" alt=\"\" \/><\/a>\n\t\t\t<\/div><\/figure><figure class='gallery-item'>\n\t\t\t<div class='gallery-icon landscape'>\n\t\t\t\t<a href='https:\/\/ostrowskatv.pl\/?attachment_id=9824'><img loading=\"lazy\" decoding=\"async\" width=\"150\" height=\"150\" src=\"https:\/\/ostrowskatv.pl\/wp-content\/uploads\/2019\/07\/IMG_20190704_160922-01-150x150.jpeg\" class=\"attachment-thumbnail size-thumbnail\" alt=\"\" \/><\/a>\n\t\t\t<\/div><\/figure><figure class='gallery-item'>\n\t\t\t<div class='gallery-icon landscape'>\n\t\t\t\t<a href='https:\/\/ostrowskatv.pl\/?attachment_id=9825'><img loading=\"lazy\" decoding=\"async\" width=\"150\" height=\"150\" src=\"https:\/\/ostrowskatv.pl\/wp-content\/uploads\/2019\/07\/IMG_20190704_161512-01-150x150.jpeg\" class=\"attachment-thumbnail size-thumbnail\" alt=\"\" \/><\/a>\n\t\t\t<\/div><\/figure>\n\t\t<\/div>\n\n","protected":false},"excerpt":{"rendered":"W czwartkowe popo\u0142udnie dosz\u0142o do wypadku na drodze Moszczanka-Szczurawice. Na w\u0105skiej drodze czo\u0142owo zderzy\u0142y si\u0119 Peugeot i BMW. Obaj kierowcy uskar\u017cali si\u0119 na \n<a class=\"moretag\" href=\"https:\/\/ostrowskatv.pl\/?p=9821\"> [...]<\/a>","protected":false},"author":1,"featured_media":9824,"comment_status":"open","ping_status":"closed","sticky":false,"template":"","format":"standard","meta":{"footnotes":""},"categories":[1],"tags":[146],"class_list":["post-9821","post","type-post","status-publish","format-standard","has-post-thumbnail","hentry","category-news","tag-szczurawice"],"_links":{"self":[{"href":"https:\/\/ostrowskatv.pl\/index.php?rest_route=\/wp\/v2\/posts\/9821","targetHints":{"allow":["GET"]}}],"collection":[{"href":"https:\/\/ostrowskatv.pl\/index.php?rest_route=\/wp\/v2\/posts"}],"about":[{"href":"https:\/\/ostrowskatv.pl\/index.php?rest_route=\/wp\/v2\/types\/post"}],"author":[{"embeddable":true,"href":"https:\/\/ostrowskatv.pl\/index.php?rest_route=\/wp\/v2\/users\/1"}],"replies":[{"embeddable":true,"href":"https:\/\/ostrowskatv.pl\/index.php?rest_route=%2Fwp%2Fv2%2Fcomments&post=9821"}],"version-history":[{"count":0,"href":"https:\/\/ostrowskatv.pl\/index.php?rest_route=\/wp\/v2\/posts\/9821\/revisions"}],"wp:featuredmedia":[{"embeddable":true,"href":"https:\/\/ostrowskatv.pl\/index.php?rest_route=\/wp\/v2\/media\/9824"}],"wp:attachment":[{"href":"https:\/\/ostrowskatv.pl\/index.php?rest_route=%2Fwp%2Fv2%2Fmedia&parent=9821"}],"wp:term":[{"taxonomy":"category","embeddable":true,"href":"https:\/\/ostrowskatv.pl\/index.php?rest_route=%2Fwp%2Fv2%2Fcategories&post=9821"},{"taxonomy":"post_tag","embeddable":true,"href":"https:\/\/ostrowskatv.pl\/index.php?rest_route=%2Fwp%2Fv2%2Ftags&post=9821"}],"curies":[{"name":"wp","href":"https:\/\/api.w.org\/{rel}","templated":true}]}}