{"id":9815,"date":"2019-07-02T14:33:44","date_gmt":"2019-07-02T13:33:44","guid":{"rendered":"http:\/\/ostrowska.tv\/?p=9815"},"modified":"2019-07-02T14:33:44","modified_gmt":"2019-07-02T13:33:44","slug":"farba-zalala-wnetrze-auta-po-kolizji","status":"publish","type":"post","link":"https:\/\/ostrowskatv.pl\/?p=9815","title":{"rendered":"Farba zala\u0142a wn\u0119trze auta po kolizji"},"content":{"rendered":"<p><strong>O sporym pechu mo\u017ce m\u00f3wi\u0107 kierowca Matiza. Najpierw nie zd\u0105\u017cy\u0142 wyhamowa\u0107, co spowodowa\u0142o zniszczenie przodu auta. Jakby tego by\u0142o ma\u0142o, rozla\u0142a si\u0119 bia\u0142a farba przewo\u017cona w plastikowym wiaderku.<\/strong><\/p>\n<p>Do szpitala przewieziono jedna kobiet\u0119. Polonez owi urwa\u0142 si\u0119 tylny zderzak.<\/p>\n<p>Do zdarzenia dosz\u0142o po godzinie 14.00 na ul. Konopnickiej.<\/p>\n<div id='gallery-1' class='gallery galleryid-9815 gallery-columns-3 gallery-size-thumbnail'><figure class='gallery-item'>\n\t\t\t<div class='gallery-icon landscape'>\n\t\t\t\t<a href='https:\/\/ostrowskatv.pl\/?attachment_id=9816'><img loading=\"lazy\" decoding=\"async\" width=\"150\" height=\"150\" src=\"https:\/\/ostrowskatv.pl\/wp-content\/uploads\/2019\/07\/IMG_20190702_145646-01-150x150.jpeg\" class=\"attachment-thumbnail size-thumbnail\" alt=\"\" \/><\/a>\n\t\t\t<\/div><\/figure><figure class='gallery-item'>\n\t\t\t<div class='gallery-icon landscape'>\n\t\t\t\t<a href='https:\/\/ostrowskatv.pl\/?attachment_id=9817'><img loading=\"lazy\" decoding=\"async\" width=\"150\" height=\"150\" src=\"https:\/\/ostrowskatv.pl\/wp-content\/uploads\/2019\/07\/IMG_20190702_145918-01-150x150.jpeg\" class=\"attachment-thumbnail size-thumbnail\" alt=\"\" \/><\/a>\n\t\t\t<\/div><\/figure><figure class='gallery-item'>\n\t\t\t<div class='gallery-icon landscape'>\n\t\t\t\t<a href='https:\/\/ostrowskatv.pl\/?attachment_id=9818'><img loading=\"lazy\" decoding=\"async\" width=\"150\" height=\"150\" src=\"https:\/\/ostrowskatv.pl\/wp-content\/uploads\/2019\/07\/IMG_20190702_145649-02-150x150.jpeg\" class=\"attachment-thumbnail size-thumbnail\" alt=\"\" \/><\/a>\n\t\t\t<\/div><\/figure><figure class='gallery-item'>\n\t\t\t<div class='gallery-icon landscape'>\n\t\t\t\t<a href='https:\/\/ostrowskatv.pl\/?attachment_id=9819'><img loading=\"lazy\" decoding=\"async\" width=\"150\" height=\"150\" src=\"https:\/\/ostrowskatv.pl\/wp-content\/uploads\/2019\/07\/IMG_20190702_145723-01-150x150.jpeg\" class=\"attachment-thumbnail size-thumbnail\" alt=\"\" \/><\/a>\n\t\t\t<\/div><\/figure>\n\t\t<\/div>\n\n","protected":false},"excerpt":{"rendered":"O sporym pechu mo\u017ce m\u00f3wi\u0107 kierowca Matiza. Najpierw nie zd\u0105\u017cy\u0142 wyhamowa\u0107, co spowodowa\u0142o zniszczenie przodu auta. Jakby tego by\u0142o ma\u0142o, rozla\u0142a si\u0119 bia\u0142a \n<a class=\"moretag\" href=\"https:\/\/ostrowskatv.pl\/?p=9815\"> [...]<\/a>","protected":false},"author":1,"featured_media":9819,"comment_status":"open","ping_status":"closed","sticky":false,"template":"","format":"standard","meta":{"footnotes":""},"categories":[1],"tags":[2],"class_list":["post-9815","post","type-post","status-publish","format-standard","has-post-thumbnail","hentry","category-news","tag-ostrow-wielkopolski"],"_links":{"self":[{"href":"https:\/\/ostrowskatv.pl\/index.php?rest_route=\/wp\/v2\/posts\/9815","targetHints":{"allow":["GET"]}}],"collection":[{"href":"https:\/\/ostrowskatv.pl\/index.php?rest_route=\/wp\/v2\/posts"}],"about":[{"href":"https:\/\/ostrowskatv.pl\/index.php?rest_route=\/wp\/v2\/types\/post"}],"author":[{"embeddable":true,"href":"https:\/\/ostrowskatv.pl\/index.php?rest_route=\/wp\/v2\/users\/1"}],"replies":[{"embeddable":true,"href":"https:\/\/ostrowskatv.pl\/index.php?rest_route=%2Fwp%2Fv2%2Fcomments&post=9815"}],"version-history":[{"count":0,"href":"https:\/\/ostrowskatv.pl\/index.php?rest_route=\/wp\/v2\/posts\/9815\/revisions"}],"wp:featuredmedia":[{"embeddable":true,"href":"https:\/\/ostrowskatv.pl\/index.php?rest_route=\/wp\/v2\/media\/9819"}],"wp:attachment":[{"href":"https:\/\/ostrowskatv.pl\/index.php?rest_route=%2Fwp%2Fv2%2Fmedia&parent=9815"}],"wp:term":[{"taxonomy":"category","embeddable":true,"href":"https:\/\/ostrowskatv.pl\/index.php?rest_route=%2Fwp%2Fv2%2Fcategories&post=9815"},{"taxonomy":"post_tag","embeddable":true,"href":"https:\/\/ostrowskatv.pl\/index.php?rest_route=%2Fwp%2Fv2%2Ftags&post=9815"}],"curies":[{"name":"wp","href":"https:\/\/api.w.org\/{rel}","templated":true}]}}