{"id":970,"date":"2016-05-05T12:39:52","date_gmt":"2016-05-05T11:39:52","guid":{"rendered":"http:\/\/ostrowska.tv\/?p=970"},"modified":"2016-05-05T12:39:52","modified_gmt":"2016-05-05T11:39:52","slug":"komu-przeszkadzal-patriotyczny-mural","status":"publish","type":"post","link":"https:\/\/ostrowskatv.pl\/?p=970","title":{"rendered":"Komu przeszkadza\u0142 patriotyczny mural?"},"content":{"rendered":"<p><strong>Jedna z mieszkanek naszego miasta zauwa\u017cy\u0142a, \u017ce z ostrowskiego amfiteatru w Parku Miejskim znikn\u0105\u0142 patriotyczny mural. Komu przeszkadza\u0142 i dlaczego zosta\u0142 usuni\u0119ty?<\/strong><\/p>\n<p>Mieszkanka twierdzi, \u017ce mural znikn\u0105\u0142 tu\u017c przed weekendem majowym. Powodem mia\u0142 by\u0107 fakt, \u017ce w przysz\u0142ym roku amfiteatr zostanie przebudowany. W zwi\u0105zku z tym planowana jest impreza dla najm\u0142odszych. Dzieci maj\u0105 malowa\u0107 kwiaty i kolorowe wzory, a to nie wsp\u00f3\u0142gra\u0142oby z powag\u0105 naniesionych tam symboli. Je\u015bli ta argumentacja jest prawdziwa, to trzeba przyzna\u0107 jej pomys\u0142odawcy, \u017ce naprawd\u0119 bardzo si\u0119 postara\u0142, \u017ceby j\u0105 wymy\u015bli\u0107.<\/p>\n<p>Termin przebudowy amfiteatru jest w dalszym ci\u0105gu odleg\u0142y. Tak samo jak moment, w kt\u00f3rym dzieci b\u0119d\u0105 malowa\u0107 po jego \u015bcianach. Miasto zdecydowa\u0142o si\u0119 jednak na usuni\u0119cie patriotycznych symboli zamiast je propagowa\u0107 i wyja\u015bnia\u0107 najm\u0142odszym ich znaczenie.<\/p>\n<div id='gallery-1' class='gallery galleryid-970 gallery-columns-3 gallery-size-thumbnail'><figure class='gallery-item'>\n\t\t\t<div class='gallery-icon portrait'>\n\t\t\t\t<a href='https:\/\/ostrowskatv.pl\/?attachment_id=973'><img loading=\"lazy\" decoding=\"async\" width=\"150\" height=\"150\" src=\"https:\/\/ostrowskatv.pl\/wp-content\/uploads\/2016\/05\/mural-postwww-150x150.jpg\" class=\"attachment-thumbnail size-thumbnail\" alt=\"\" \/><\/a>\n\t\t\t<\/div><\/figure><figure class='gallery-item'>\n\t\t\t<div class='gallery-icon landscape'>\n\t\t\t\t<a href='https:\/\/ostrowskatv.pl\/?attachment_id=971'><img loading=\"lazy\" decoding=\"async\" width=\"150\" height=\"150\" src=\"https:\/\/ostrowskatv.pl\/wp-content\/uploads\/2016\/05\/mural-amfiteatr-150x150.jpg\" class=\"attachment-thumbnail size-thumbnail\" alt=\"\" \/><\/a>\n\t\t\t<\/div><\/figure><figure class='gallery-item'>\n\t\t\t<div class='gallery-icon landscape'>\n\t\t\t\t<a href='https:\/\/ostrowskatv.pl\/?attachment_id=972'><img loading=\"lazy\" decoding=\"async\" width=\"150\" height=\"150\" src=\"https:\/\/ostrowskatv.pl\/wp-content\/uploads\/2016\/05\/mural-amfiteatr2-150x150.jpg\" class=\"attachment-thumbnail size-thumbnail\" alt=\"\" \/><\/a>\n\t\t\t<\/div><\/figure>\n\t\t<\/div>\n\n","protected":false},"excerpt":{"rendered":"Jedna z mieszkanek naszego miasta zauwa\u017cy\u0142a, \u017ce z ostrowskiego amfiteatru w Parku Miejskim znikn\u0105\u0142 patriotyczny mural. Komu przeszkadza\u0142 i dlaczego zosta\u0142 usuni\u0119ty? Mieszkanka \n<a class=\"moretag\" href=\"https:\/\/ostrowskatv.pl\/?p=970\"> [...]<\/a>","protected":false},"author":1,"featured_media":972,"comment_status":"open","ping_status":"open","sticky":false,"template":"","format":"standard","meta":{"footnotes":""},"categories":[1],"tags":[2],"class_list":["post-970","post","type-post","status-publish","format-standard","has-post-thumbnail","hentry","category-news","tag-ostrow-wielkopolski"],"_links":{"self":[{"href":"https:\/\/ostrowskatv.pl\/index.php?rest_route=\/wp\/v2\/posts\/970","targetHints":{"allow":["GET"]}}],"collection":[{"href":"https:\/\/ostrowskatv.pl\/index.php?rest_route=\/wp\/v2\/posts"}],"about":[{"href":"https:\/\/ostrowskatv.pl\/index.php?rest_route=\/wp\/v2\/types\/post"}],"author":[{"embeddable":true,"href":"https:\/\/ostrowskatv.pl\/index.php?rest_route=\/wp\/v2\/users\/1"}],"replies":[{"embeddable":true,"href":"https:\/\/ostrowskatv.pl\/index.php?rest_route=%2Fwp%2Fv2%2Fcomments&post=970"}],"version-history":[{"count":0,"href":"https:\/\/ostrowskatv.pl\/index.php?rest_route=\/wp\/v2\/posts\/970\/revisions"}],"wp:featuredmedia":[{"embeddable":true,"href":"https:\/\/ostrowskatv.pl\/index.php?rest_route=\/wp\/v2\/media\/972"}],"wp:attachment":[{"href":"https:\/\/ostrowskatv.pl\/index.php?rest_route=%2Fwp%2Fv2%2Fmedia&parent=970"}],"wp:term":[{"taxonomy":"category","embeddable":true,"href":"https:\/\/ostrowskatv.pl\/index.php?rest_route=%2Fwp%2Fv2%2Fcategories&post=970"},{"taxonomy":"post_tag","embeddable":true,"href":"https:\/\/ostrowskatv.pl\/index.php?rest_route=%2Fwp%2Fv2%2Ftags&post=970"}],"curies":[{"name":"wp","href":"https:\/\/api.w.org\/{rel}","templated":true}]}}