{"id":9688,"date":"2019-06-20T20:11:26","date_gmt":"2019-06-20T19:11:26","guid":{"rendered":"http:\/\/ostrowska.tv\/?p=9688"},"modified":"2019-06-20T20:11:26","modified_gmt":"2019-06-20T19:11:26","slug":"tajemniczy-imprezowy-autokar-jezdzi-po-ostrowie","status":"publish","type":"post","link":"https:\/\/ostrowskatv.pl\/?p=9688","title":{"rendered":"Tajemniczy imprezowy autokar je\u017adzi po Ostrowie"},"content":{"rendered":"<p><strong>Tajemniczy autokar z kolorowymi \u015bwiat\u0142ami wewn\u0105trz i rozbrzmiewaj\u0105c\u0105 muzyk\u0105 elektroniczn\u0105 przemierza\u0142 ulice powiatu ostrowskiego w ostatnich kilkudziesi\u0119ciu godzinach. Sporo os\u00f3b skar\u017cy\u0142o si\u0119 na zak\u0142\u00f3canie przez niego ciszy nocnej.<\/strong><\/p>\n<p>Kiedy zbulwersowani g\u0142o\u015bn\u0105 muzyk\u0105, dobiegaj\u0105c\u0105 z przemieszczaj\u0105cego si\u0119 autokaru, zadzwonili pod numer alarmowy, policji w ko\u0144cu uda\u0142o si\u0119 zatrzyma\u0107 jego kierowc\u0119. Zosta\u0142 on za swoje zachowanie pouczony. Na niewiele si\u0119 to zda\u0142o, bo tak\u017ce dzisiaj puszcza\u0142 g\u0142o\u015bno muzyk\u0119 w strefie mieszkaniowej. <\/p>\n<p>Autokar na norweskich tablicach rejestracyjnych mo\u017cna by\u0142o po\u0142\u0105czy\u0107 z maj\u0105c\u0105 si\u0119 odby\u0107 jutro imprez\u0105 muzyki techno\/house na ostrowskich Piaskach. Jednak ekipa z autokaru zaprzecza temu powi\u0105zaniu. Dzisiaj by\u0142 widziany m.in. na ostrowskich Piaskach i w rejonie ulicy Odolanowskiej, gdzie prawdopodobnie mieszka jego u\u017cytkownik. Zapewni\u0142 jednak, \u017ce jutro wraca nim do Norwegii. <\/p>\n<div id='gallery-1' class='gallery galleryid-9688 gallery-columns-3 gallery-size-thumbnail'><figure class='gallery-item'>\n\t\t\t<div class='gallery-icon landscape'>\n\t\t\t\t<a href='https:\/\/ostrowskatv.pl\/?attachment_id=9692'><img loading=\"lazy\" decoding=\"async\" width=\"150\" height=\"150\" src=\"https:\/\/ostrowskatv.pl\/wp-content\/uploads\/2019\/06\/imprezowy_autokar-150x150.jpg\" class=\"attachment-thumbnail size-thumbnail\" alt=\"\" \/><\/a>\n\t\t\t<\/div><\/figure><figure class='gallery-item'>\n\t\t\t<div class='gallery-icon landscape'>\n\t\t\t\t<a href='https:\/\/ostrowskatv.pl\/?attachment_id=9691'><img loading=\"lazy\" decoding=\"async\" width=\"150\" height=\"150\" src=\"https:\/\/ostrowskatv.pl\/wp-content\/uploads\/2019\/06\/imprezowy_autokar02-150x150.jpg\" class=\"attachment-thumbnail size-thumbnail\" alt=\"\" \/><\/a>\n\t\t\t<\/div><\/figure><figure class='gallery-item'>\n\t\t\t<div class='gallery-icon landscape'>\n\t\t\t\t<a href='https:\/\/ostrowskatv.pl\/?attachment_id=9690'><img loading=\"lazy\" decoding=\"async\" width=\"150\" height=\"150\" src=\"https:\/\/ostrowskatv.pl\/wp-content\/uploads\/2019\/06\/imprezowy_autokar03-150x150.jpg\" class=\"attachment-thumbnail size-thumbnail\" alt=\"\" \/><\/a>\n\t\t\t<\/div><\/figure><figure class='gallery-item'>\n\t\t\t<div class='gallery-icon landscape'>\n\t\t\t\t<a href='https:\/\/ostrowskatv.pl\/?attachment_id=9689'><img loading=\"lazy\" decoding=\"async\" width=\"150\" height=\"150\" src=\"https:\/\/ostrowskatv.pl\/wp-content\/uploads\/2019\/06\/imprezowy_autokar04-150x150.jpg\" class=\"attachment-thumbnail size-thumbnail\" alt=\"\" \/><\/a>\n\t\t\t<\/div><\/figure>\n\t\t<\/div>\n\n<div style=\"width: 368px;\" class=\"wp-video\"><video class=\"wp-video-shortcode\" id=\"video-9688-1\" width=\"368\" height=\"656\" preload=\"metadata\" controls=\"controls\"><source type=\"video\/mp4\" src=\"http:\/\/ostrowska.tv\/wp-content\/uploads\/2019\/06\/wideo_autokar.mp4?_=1\" \/><a href=\"http:\/\/ostrowska.tv\/wp-content\/uploads\/2019\/06\/wideo_autokar.mp4\">http:\/\/ostrowska.tv\/wp-content\/uploads\/2019\/06\/wideo_autokar.mp4<\/a><\/video><\/div>\n<p>Zdj\u0119cie i film autorstwa driver-a<\/p>\n<p>Przy okazji warto nadmieni\u0107, \u017ce w pi\u0105tek odb\u0119dzie si\u0119 Vixomania Festival, to tak na przek\u00f3r tym, kt\u00f3rzy uwa\u017caj\u0105, \u017ce do tej pory niewiele by\u0142o organizowanych imprez dla m\u0142odzie\u017cy. <\/p>\n<p>Wi\u0119cej o wydarzeniu:<\/p>\n<p><a href=\"https:\/\/www.facebook.com\/events\/971849783205888\/\">https:\/\/www.facebook.com\/events\/971849783205888\/<\/a><\/p>\n","protected":false},"excerpt":{"rendered":"Tajemniczy autokar z kolorowymi \u015bwiat\u0142ami wewn\u0105trz i rozbrzmiewaj\u0105c\u0105 muzyk\u0105 elektroniczn\u0105 przemierza\u0142 ulice powiatu ostrowskiego w ostatnich kilkudziesi\u0119ciu godzinach. Sporo os\u00f3b skar\u017cy\u0142o si\u0119 na \n<a class=\"moretag\" href=\"https:\/\/ostrowskatv.pl\/?p=9688\"> [...]<\/a>","protected":false},"author":1,"featured_media":9692,"comment_status":"open","ping_status":"closed","sticky":false,"template":"","format":"standard","meta":{"footnotes":""},"categories":[1],"tags":[2],"class_list":["post-9688","post","type-post","status-publish","format-standard","has-post-thumbnail","hentry","category-news","tag-ostrow-wielkopolski"],"_links":{"self":[{"href":"https:\/\/ostrowskatv.pl\/index.php?rest_route=\/wp\/v2\/posts\/9688","targetHints":{"allow":["GET"]}}],"collection":[{"href":"https:\/\/ostrowskatv.pl\/index.php?rest_route=\/wp\/v2\/posts"}],"about":[{"href":"https:\/\/ostrowskatv.pl\/index.php?rest_route=\/wp\/v2\/types\/post"}],"author":[{"embeddable":true,"href":"https:\/\/ostrowskatv.pl\/index.php?rest_route=\/wp\/v2\/users\/1"}],"replies":[{"embeddable":true,"href":"https:\/\/ostrowskatv.pl\/index.php?rest_route=%2Fwp%2Fv2%2Fcomments&post=9688"}],"version-history":[{"count":0,"href":"https:\/\/ostrowskatv.pl\/index.php?rest_route=\/wp\/v2\/posts\/9688\/revisions"}],"wp:featuredmedia":[{"embeddable":true,"href":"https:\/\/ostrowskatv.pl\/index.php?rest_route=\/wp\/v2\/media\/9692"}],"wp:attachment":[{"href":"https:\/\/ostrowskatv.pl\/index.php?rest_route=%2Fwp%2Fv2%2Fmedia&parent=9688"}],"wp:term":[{"taxonomy":"category","embeddable":true,"href":"https:\/\/ostrowskatv.pl\/index.php?rest_route=%2Fwp%2Fv2%2Fcategories&post=9688"},{"taxonomy":"post_tag","embeddable":true,"href":"https:\/\/ostrowskatv.pl\/index.php?rest_route=%2Fwp%2Fv2%2Ftags&post=9688"}],"curies":[{"name":"wp","href":"https:\/\/api.w.org\/{rel}","templated":true}]}}