{"id":9594,"date":"2019-06-19T19:08:16","date_gmt":"2019-06-19T18:08:16","guid":{"rendered":"http:\/\/ostrowska.tv\/?p=9594"},"modified":"2019-06-19T20:13:12","modified_gmt":"2019-06-19T19:13:12","slug":"smiertelne-potracenie-rowerzysty-w-daniszynie","status":"publish","type":"post","link":"https:\/\/ostrowskatv.pl\/?p=9594","title":{"rendered":"\u015amiertelne potr\u0105cenie rowerzysty w Daniszynie"},"content":{"rendered":"<p><strong>Przed godzin\u0105 20.00 na drodze krajowej nr 36 dosz\u0142o do \u015bmiertelnego potr\u0105cenia rowerzysty przez samoch\u00f3d ci\u0119\u017carowy. Volvo potr\u0105ci\u0142 rowerzyst\u0119 w miejscowo\u015bci Daniszyn. Rowerzysta mia\u0142 rozleg\u0142y uraz g\u0142owy. Dyspozytor medyczny pocz\u0105tkowo odm\u00f3wi\u0142 wys\u0142ania karetki i opar\u0142 si\u0119 na relacji \u015bwiadk\u00f3w. Ostatecznie karetka przyjecha\u0142a. <\/strong><\/p>\n<p>Z relacji kierowcy wynika, \u017ce dw\u00f3ch m\u0119\u017cczyzn jecha\u0142o chodnikiem i na wysoko\u015bci przej\u015bcia dla pieszych, jeden z nich pr\u00f3bowa\u0142 j\u0105 omin\u0105\u0107, zachwia\u0142 si\u0119 i wpad\u0142 pod ci\u0119\u017carowe Volvo.<\/p>\n<p>Zdaniem kierowcy samochodu ci\u0119\u017carowego drugi z m\u0119\u017cczyzn wydmucha\u0142 prawie 1,5 promila.<\/p>\n<p>Denat mia\u0142 oko\u0142o 40-lat i by\u0142 okolicznym mieszka\u0144cem.<\/p>\n<div id='gallery-1' class='gallery galleryid-9594 gallery-columns-3 gallery-size-thumbnail'><figure class='gallery-item'>\n\t\t\t<div class='gallery-icon landscape'>\n\t\t\t\t<a href='https:\/\/ostrowskatv.pl\/?attachment_id=9595'><img loading=\"lazy\" decoding=\"async\" width=\"150\" height=\"150\" src=\"https:\/\/ostrowskatv.pl\/wp-content\/uploads\/2019\/06\/IMG_20190619_195719-01-150x150.jpeg\" class=\"attachment-thumbnail size-thumbnail\" alt=\"\" \/><\/a>\n\t\t\t<\/div><\/figure><figure class='gallery-item'>\n\t\t\t<div class='gallery-icon landscape'>\n\t\t\t\t<a href='https:\/\/ostrowskatv.pl\/?attachment_id=9596'><img loading=\"lazy\" decoding=\"async\" width=\"150\" height=\"150\" src=\"https:\/\/ostrowskatv.pl\/wp-content\/uploads\/2019\/06\/IMG_20190619_195646-01-150x150.jpeg\" class=\"attachment-thumbnail size-thumbnail\" alt=\"\" \/><\/a>\n\t\t\t<\/div><\/figure><figure class='gallery-item'>\n\t\t\t<div class='gallery-icon landscape'>\n\t\t\t\t<a href='https:\/\/ostrowskatv.pl\/?attachment_id=9602'><img loading=\"lazy\" decoding=\"async\" width=\"150\" height=\"150\" src=\"https:\/\/ostrowskatv.pl\/wp-content\/uploads\/2019\/06\/IMG_20190619_203539-02-150x150.jpeg\" class=\"attachment-thumbnail size-thumbnail\" alt=\"\" \/><\/a>\n\t\t\t<\/div><\/figure><figure class='gallery-item'>\n\t\t\t<div class='gallery-icon portrait'>\n\t\t\t\t<a href='https:\/\/ostrowskatv.pl\/?attachment_id=9603'><img loading=\"lazy\" decoding=\"async\" width=\"150\" height=\"150\" src=\"https:\/\/ostrowskatv.pl\/wp-content\/uploads\/2019\/06\/IMG_20190619_203539-01-150x150.jpeg\" class=\"attachment-thumbnail size-thumbnail\" alt=\"\" \/><\/a>\n\t\t\t<\/div><\/figure>\n\t\t<\/div>\n\n","protected":false},"excerpt":{"rendered":"Przed godzin\u0105 20.00 na drodze krajowej nr 36 dosz\u0142o do \u015bmiertelnego potr\u0105cenia rowerzysty przez samoch\u00f3d ci\u0119\u017carowy. Volvo potr\u0105ci\u0142 rowerzyst\u0119 w miejscowo\u015bci Daniszyn. Rowerzysta \n<a class=\"moretag\" href=\"https:\/\/ostrowskatv.pl\/?p=9594\"> [...]<\/a>","protected":false},"author":1,"featured_media":9595,"comment_status":"open","ping_status":"closed","sticky":false,"template":"","format":"standard","meta":{"footnotes":""},"categories":[1],"tags":[182],"class_list":["post-9594","post","type-post","status-publish","format-standard","has-post-thumbnail","hentry","category-news","tag-daniszyn"],"_links":{"self":[{"href":"https:\/\/ostrowskatv.pl\/index.php?rest_route=\/wp\/v2\/posts\/9594","targetHints":{"allow":["GET"]}}],"collection":[{"href":"https:\/\/ostrowskatv.pl\/index.php?rest_route=\/wp\/v2\/posts"}],"about":[{"href":"https:\/\/ostrowskatv.pl\/index.php?rest_route=\/wp\/v2\/types\/post"}],"author":[{"embeddable":true,"href":"https:\/\/ostrowskatv.pl\/index.php?rest_route=\/wp\/v2\/users\/1"}],"replies":[{"embeddable":true,"href":"https:\/\/ostrowskatv.pl\/index.php?rest_route=%2Fwp%2Fv2%2Fcomments&post=9594"}],"version-history":[{"count":0,"href":"https:\/\/ostrowskatv.pl\/index.php?rest_route=\/wp\/v2\/posts\/9594\/revisions"}],"wp:featuredmedia":[{"embeddable":true,"href":"https:\/\/ostrowskatv.pl\/index.php?rest_route=\/wp\/v2\/media\/9595"}],"wp:attachment":[{"href":"https:\/\/ostrowskatv.pl\/index.php?rest_route=%2Fwp%2Fv2%2Fmedia&parent=9594"}],"wp:term":[{"taxonomy":"category","embeddable":true,"href":"https:\/\/ostrowskatv.pl\/index.php?rest_route=%2Fwp%2Fv2%2Fcategories&post=9594"},{"taxonomy":"post_tag","embeddable":true,"href":"https:\/\/ostrowskatv.pl\/index.php?rest_route=%2Fwp%2Fv2%2Ftags&post=9594"}],"curies":[{"name":"wp","href":"https:\/\/api.w.org\/{rel}","templated":true}]}}