{"id":9589,"date":"2019-06-18T21:27:20","date_gmt":"2019-06-18T20:27:20","guid":{"rendered":"http:\/\/ostrowska.tv\/?p=9589"},"modified":"2019-06-18T21:28:44","modified_gmt":"2019-06-18T20:28:44","slug":"splonela-altanka-na-ogrodkach-dzialkowych","status":"publish","type":"post","link":"https:\/\/ostrowskatv.pl\/?p=9589","title":{"rendered":"Sp\u0142on\u0119\u0142a altanka na ogr\u00f3dkach dzia\u0142kowych"},"content":{"rendered":"<p><strong>Ca\u0142kowicie sp\u0142on\u0119\u0142a altanka na ogrodach dzia\u0142owych Relaks przy kompleksie Piaski-Szczygliczka. Po\u017car zauwa\u017cono oko\u0142o godziny 20.00. Na miejsce zadysponowano dwa wozy pa\u0144stwowej stra\u017cy po\u017carnej i jeden w\u00f3z ga\u015bniczy z OSP Ostr\u00f3w Wlkp.<\/strong><\/p>\n<p>Kiedy stra\u017cacy dojechali na miejsce, p\u0142omienie obejmowa\u0142y ca\u0142y budynek. Po ugaszeniu i wst\u0119pnych ogl\u0119dzinach okaza\u0142o si\u0119, \u017ce przyczyn\u0105 musia\u0142o by\u0107 zwarcie w instalacji elektrycznej. Budynek nie by\u0142 ubezpieczony. W\u0142a\u015bcicieli bezpo\u015brednio przed zdarzeniem nie by\u0142o na miejscu.<\/p>\n<p>autor nagrania: Szymon Kondas, dzia\u0142kowiec<\/p>\n<div style=\"width: 747px;\" class=\"wp-video\"><video class=\"wp-video-shortcode\" id=\"video-9589-1\" width=\"747\" height=\"420\" preload=\"metadata\" controls=\"controls\"><source type=\"video\/mp4\" src=\"http:\/\/ostrowska.tv\/wp-content\/uploads\/2019\/06\/dzialki_pozar.mp4?_=1\" \/><a href=\"http:\/\/ostrowska.tv\/wp-content\/uploads\/2019\/06\/dzialki_pozar.mp4\">http:\/\/ostrowska.tv\/wp-content\/uploads\/2019\/06\/dzialki_pozar.mp4<\/a><\/video><\/div>\n","protected":false},"excerpt":{"rendered":"Ca\u0142kowicie sp\u0142on\u0119\u0142a altanka na ogrodach dzia\u0142owych Relaks przy kompleksie Piaski-Szczygliczka. Po\u017car zauwa\u017cono oko\u0142o godziny 20.00. Na miejsce zadysponowano dwa wozy pa\u0144stwowej stra\u017cy po\u017carnej \n<a class=\"moretag\" href=\"https:\/\/ostrowskatv.pl\/?p=9589\"> [...]<\/a>","protected":false},"author":1,"featured_media":9590,"comment_status":"open","ping_status":"closed","sticky":false,"template":"","format":"standard","meta":{"footnotes":""},"categories":[1],"tags":[2],"class_list":["post-9589","post","type-post","status-publish","format-standard","has-post-thumbnail","hentry","category-news","tag-ostrow-wielkopolski"],"_links":{"self":[{"href":"https:\/\/ostrowskatv.pl\/index.php?rest_route=\/wp\/v2\/posts\/9589","targetHints":{"allow":["GET"]}}],"collection":[{"href":"https:\/\/ostrowskatv.pl\/index.php?rest_route=\/wp\/v2\/posts"}],"about":[{"href":"https:\/\/ostrowskatv.pl\/index.php?rest_route=\/wp\/v2\/types\/post"}],"author":[{"embeddable":true,"href":"https:\/\/ostrowskatv.pl\/index.php?rest_route=\/wp\/v2\/users\/1"}],"replies":[{"embeddable":true,"href":"https:\/\/ostrowskatv.pl\/index.php?rest_route=%2Fwp%2Fv2%2Fcomments&post=9589"}],"version-history":[{"count":0,"href":"https:\/\/ostrowskatv.pl\/index.php?rest_route=\/wp\/v2\/posts\/9589\/revisions"}],"wp:featuredmedia":[{"embeddable":true,"href":"https:\/\/ostrowskatv.pl\/index.php?rest_route=\/wp\/v2\/media\/9590"}],"wp:attachment":[{"href":"https:\/\/ostrowskatv.pl\/index.php?rest_route=%2Fwp%2Fv2%2Fmedia&parent=9589"}],"wp:term":[{"taxonomy":"category","embeddable":true,"href":"https:\/\/ostrowskatv.pl\/index.php?rest_route=%2Fwp%2Fv2%2Fcategories&post=9589"},{"taxonomy":"post_tag","embeddable":true,"href":"https:\/\/ostrowskatv.pl\/index.php?rest_route=%2Fwp%2Fv2%2Ftags&post=9589"}],"curies":[{"name":"wp","href":"https:\/\/api.w.org\/{rel}","templated":true}]}}