{"id":9585,"date":"2019-06-18T10:54:35","date_gmt":"2019-06-18T09:54:35","guid":{"rendered":"http:\/\/ostrowska.tv\/?p=9585"},"modified":"2019-06-18T10:54:35","modified_gmt":"2019-06-18T09:54:35","slug":"zderzenie-3-aut-jechali-m-in-uczniowie","status":"publish","type":"post","link":"https:\/\/ostrowskatv.pl\/?p=9585","title":{"rendered":"Zderzenie 3 aut. Jechali m. in. uczniowie"},"content":{"rendered":"<p><strong>Przed godzin\u0105 11.00 na skrzy\u017cowaniu ulic Batorego i Bema dosz\u0142o do zderzenia si\u0119 3 aut osobowych. Interweniowa\u0142a stra\u017c po\u017carna i karetka pogotowia.\u00a0<\/strong><\/p>\n<p>Ze wst\u0119pnych ustale\u0144 wynika, \u017ce m\u0119\u017cczyzna w podesz\u0142ym wieku mia\u0142 wjecha\u0107 na czerwonym \u015bwietle. Wtedy uderzy\u0142 w dwa auta jad\u0105ce ulic\u0105 Batorego w przeciwnych kierunkach. Podr\u00f3\u017cowa\u0142a nimi m\u0142odzie\u017c w wieku szkolnym.<\/p>\n<p>Poszkodowany zosta\u0142 tylko wskazywany sprawca zdarzenia.<\/p>\n<div id='gallery-1' class='gallery galleryid-9585 gallery-columns-3 gallery-size-thumbnail'><figure class='gallery-item'>\n\t\t\t<div class='gallery-icon landscape'>\n\t\t\t\t<a href='https:\/\/ostrowskatv.pl\/?attachment_id=9586'><img loading=\"lazy\" decoding=\"async\" width=\"150\" height=\"150\" src=\"https:\/\/ostrowskatv.pl\/wp-content\/uploads\/2019\/06\/IMG_20190618_110849-01-150x150.jpeg\" class=\"attachment-thumbnail size-thumbnail\" alt=\"\" \/><\/a>\n\t\t\t<\/div><\/figure><figure class='gallery-item'>\n\t\t\t<div class='gallery-icon landscape'>\n\t\t\t\t<a href='https:\/\/ostrowskatv.pl\/?attachment_id=9587'><img loading=\"lazy\" decoding=\"async\" width=\"150\" height=\"150\" src=\"https:\/\/ostrowskatv.pl\/wp-content\/uploads\/2019\/06\/IMG_20190618_110827-01-150x150.jpeg\" class=\"attachment-thumbnail size-thumbnail\" alt=\"\" \/><\/a>\n\t\t\t<\/div><\/figure>\n\t\t<\/div>\n\n","protected":false},"excerpt":{"rendered":"Przed godzin\u0105 11.00 na skrzy\u017cowaniu ulic Batorego i Bema dosz\u0142o do zderzenia si\u0119 3 aut osobowych. Interweniowa\u0142a stra\u017c po\u017carna i karetka pogotowia.\u00a0 Ze \n<a class=\"moretag\" href=\"https:\/\/ostrowskatv.pl\/?p=9585\"> [...]<\/a>","protected":false},"author":1,"featured_media":9586,"comment_status":"open","ping_status":"closed","sticky":false,"template":"","format":"standard","meta":{"footnotes":""},"categories":[1],"tags":[2],"class_list":["post-9585","post","type-post","status-publish","format-standard","has-post-thumbnail","hentry","category-news","tag-ostrow-wielkopolski"],"_links":{"self":[{"href":"https:\/\/ostrowskatv.pl\/index.php?rest_route=\/wp\/v2\/posts\/9585","targetHints":{"allow":["GET"]}}],"collection":[{"href":"https:\/\/ostrowskatv.pl\/index.php?rest_route=\/wp\/v2\/posts"}],"about":[{"href":"https:\/\/ostrowskatv.pl\/index.php?rest_route=\/wp\/v2\/types\/post"}],"author":[{"embeddable":true,"href":"https:\/\/ostrowskatv.pl\/index.php?rest_route=\/wp\/v2\/users\/1"}],"replies":[{"embeddable":true,"href":"https:\/\/ostrowskatv.pl\/index.php?rest_route=%2Fwp%2Fv2%2Fcomments&post=9585"}],"version-history":[{"count":0,"href":"https:\/\/ostrowskatv.pl\/index.php?rest_route=\/wp\/v2\/posts\/9585\/revisions"}],"wp:featuredmedia":[{"embeddable":true,"href":"https:\/\/ostrowskatv.pl\/index.php?rest_route=\/wp\/v2\/media\/9586"}],"wp:attachment":[{"href":"https:\/\/ostrowskatv.pl\/index.php?rest_route=%2Fwp%2Fv2%2Fmedia&parent=9585"}],"wp:term":[{"taxonomy":"category","embeddable":true,"href":"https:\/\/ostrowskatv.pl\/index.php?rest_route=%2Fwp%2Fv2%2Fcategories&post=9585"},{"taxonomy":"post_tag","embeddable":true,"href":"https:\/\/ostrowskatv.pl\/index.php?rest_route=%2Fwp%2Fv2%2Ftags&post=9585"}],"curies":[{"name":"wp","href":"https:\/\/api.w.org\/{rel}","templated":true}]}}