{"id":9537,"date":"2019-06-15T15:45:39","date_gmt":"2019-06-15T14:45:39","guid":{"rendered":"http:\/\/ostrowska.tv\/?p=9537"},"modified":"2019-06-15T21:56:25","modified_gmt":"2019-06-15T20:56:25","slug":"smiertelny-wypadek-szybowca","status":"publish","type":"post","link":"https:\/\/ostrowskatv.pl\/?p=9537","title":{"rendered":"\u015amiertelny wypadek z udzia\u0142em szybowca (nowe zdj\u0119cia i info)"},"content":{"rendered":"<div id=\"gwp2d97b783_gwpd5c16737\">\n<div id=\"gwp2d97b783_gwpd5c16737h\">\n<div class=\"gwp2d97b783_gwpd5c16737b\" data-message-body=\"true\">\n<div><strong>O 13.30 dosz\u0142o do wypadku lotniczego z udzia\u0142em szybowca, bior\u0105cego udzia\u0142 w Szybowcowych Mistrzostwach Polski Ostr\u00f3w Glide. Zdaniem jednego ze \u015bwiadk\u00f3w &#8211;\u00a0 W ostatniej chwili, szybowiec lecia\u0142 pionowo i uderzy\u0142 w ziemi\u0119. Wypadek mia\u0142 miejsce na polu, ko\u0142o miejscowo\u015bci Szczury k. Ostrowa Wielkopolskiego. Lekarz stwierdzi\u0142 zgon na miejscu z powodu wielonarz\u0105dowych obra\u017ce\u0144 cia\u0142a.\u00a0<\/strong><\/div>\n<div><\/div>\n<div>Cz\u0142onek Pa\u0144stwowej Komisji Badania Wypadk\u00f3w Lotniczych poinformowa\u0142, \u017ce zosta\u0142y zabezpieczone rejestratory lotu, poniewa\u017c pilot szybowca bra\u0142 udzia\u0142 w zawodach lotniczych. Wst\u0119pny protok\u00f3\u0142 komisji b\u0119dzie znany w przeci\u0105gu miesi\u0105ca. Kolejne ustalenia mog\u0105 potrwa\u0107 kilka miesi\u0119cy.<\/div>\n<\/div>\n<div><\/div>\n<div>Zawody w niedziel\u0119 zostan\u0105 wstrzymane. Ich kontynuacja ma nast\u0105pi\u0107 w poniedzia\u0142ek. Zawodnik by\u0142 do\u015bwiadczonym pilotem i nale\u017ca\u0142 do aeroklubu \u017bar (ko\u0142o Bielska-Bia\u0142ej).<\/div>\n<\/div>\n<\/div>\n<div><\/div>\n<div>\n<div id='gallery-1' class='gallery galleryid-9537 gallery-columns-3 gallery-size-thumbnail'><figure class='gallery-item'>\n\t\t\t<div class='gallery-icon landscape'>\n\t\t\t\t<a href='https:\/\/ostrowskatv.pl\/?attachment_id=9540'><img loading=\"lazy\" decoding=\"async\" width=\"150\" height=\"150\" src=\"https:\/\/ostrowskatv.pl\/wp-content\/uploads\/2019\/06\/szybowiec_szczury-150x150.jpg\" class=\"attachment-thumbnail size-thumbnail\" alt=\"\" \/><\/a>\n\t\t\t<\/div><\/figure><figure class='gallery-item'>\n\t\t\t<div class='gallery-icon landscape'>\n\t\t\t\t<a href='https:\/\/ostrowskatv.pl\/?attachment_id=9543'><img loading=\"lazy\" decoding=\"async\" width=\"150\" height=\"150\" src=\"https:\/\/ostrowskatv.pl\/wp-content\/uploads\/2019\/06\/szybowiec3-150x150.jpg\" class=\"attachment-thumbnail size-thumbnail\" alt=\"\" \/><\/a>\n\t\t\t<\/div><\/figure><figure class='gallery-item'>\n\t\t\t<div class='gallery-icon landscape'>\n\t\t\t\t<a href='https:\/\/ostrowskatv.pl\/?attachment_id=9546'><img loading=\"lazy\" decoding=\"async\" width=\"150\" height=\"150\" src=\"https:\/\/ostrowskatv.pl\/wp-content\/uploads\/2019\/06\/szybowiec8-150x150.jpg\" class=\"attachment-thumbnail size-thumbnail\" alt=\"\" \/><\/a>\n\t\t\t<\/div><\/figure><figure class='gallery-item'>\n\t\t\t<div class='gallery-icon landscape'>\n\t\t\t\t<a href='https:\/\/ostrowskatv.pl\/?attachment_id=9547'><img loading=\"lazy\" decoding=\"async\" width=\"150\" height=\"150\" src=\"https:\/\/ostrowskatv.pl\/wp-content\/uploads\/2019\/06\/szybowiec7-150x150.jpg\" class=\"attachment-thumbnail size-thumbnail\" alt=\"\" \/><\/a>\n\t\t\t<\/div><\/figure><figure class='gallery-item'>\n\t\t\t<div class='gallery-icon landscape'>\n\t\t\t\t<a href='https:\/\/ostrowskatv.pl\/?attachment_id=9548'><img loading=\"lazy\" decoding=\"async\" width=\"150\" height=\"150\" src=\"https:\/\/ostrowskatv.pl\/wp-content\/uploads\/2019\/06\/szybowiec6-150x150.jpg\" class=\"attachment-thumbnail size-thumbnail\" alt=\"\" \/><\/a>\n\t\t\t<\/div><\/figure><figure class='gallery-item'>\n\t\t\t<div class='gallery-icon landscape'>\n\t\t\t\t<a href='https:\/\/ostrowskatv.pl\/?attachment_id=9545'><img loading=\"lazy\" decoding=\"async\" width=\"150\" height=\"150\" src=\"https:\/\/ostrowskatv.pl\/wp-content\/uploads\/2019\/06\/IMG_20190615_195441-01-150x150.jpeg\" class=\"attachment-thumbnail size-thumbnail\" alt=\"\" \/><\/a>\n\t\t\t<\/div><\/figure>\n\t\t<\/div>\n\n<\/div>\n","protected":false},"excerpt":{"rendered":"O 13.30 dosz\u0142o do wypadku lotniczego z udzia\u0142em szybowca, bior\u0105cego udzia\u0142 w Szybowcowych Mistrzostwach Polski Ostr\u00f3w Glide. Zdaniem jednego ze \u015bwiadk\u00f3w &#8211;\u00a0 W \n<a class=\"moretag\" href=\"https:\/\/ostrowskatv.pl\/?p=9537\"> [...]<\/a>","protected":false},"author":1,"featured_media":9545,"comment_status":"open","ping_status":"closed","sticky":false,"template":"","format":"standard","meta":{"footnotes":""},"categories":[1],"tags":[95],"class_list":["post-9537","post","type-post","status-publish","format-standard","has-post-thumbnail","hentry","category-news","tag-szczury"],"_links":{"self":[{"href":"https:\/\/ostrowskatv.pl\/index.php?rest_route=\/wp\/v2\/posts\/9537","targetHints":{"allow":["GET"]}}],"collection":[{"href":"https:\/\/ostrowskatv.pl\/index.php?rest_route=\/wp\/v2\/posts"}],"about":[{"href":"https:\/\/ostrowskatv.pl\/index.php?rest_route=\/wp\/v2\/types\/post"}],"author":[{"embeddable":true,"href":"https:\/\/ostrowskatv.pl\/index.php?rest_route=\/wp\/v2\/users\/1"}],"replies":[{"embeddable":true,"href":"https:\/\/ostrowskatv.pl\/index.php?rest_route=%2Fwp%2Fv2%2Fcomments&post=9537"}],"version-history":[{"count":0,"href":"https:\/\/ostrowskatv.pl\/index.php?rest_route=\/wp\/v2\/posts\/9537\/revisions"}],"wp:featuredmedia":[{"embeddable":true,"href":"https:\/\/ostrowskatv.pl\/index.php?rest_route=\/wp\/v2\/media\/9545"}],"wp:attachment":[{"href":"https:\/\/ostrowskatv.pl\/index.php?rest_route=%2Fwp%2Fv2%2Fmedia&parent=9537"}],"wp:term":[{"taxonomy":"category","embeddable":true,"href":"https:\/\/ostrowskatv.pl\/index.php?rest_route=%2Fwp%2Fv2%2Fcategories&post=9537"},{"taxonomy":"post_tag","embeddable":true,"href":"https:\/\/ostrowskatv.pl\/index.php?rest_route=%2Fwp%2Fv2%2Ftags&post=9537"}],"curies":[{"name":"wp","href":"https:\/\/api.w.org\/{rel}","templated":true}]}}