{"id":9507,"date":"2019-06-11T02:56:40","date_gmt":"2019-06-11T01:56:40","guid":{"rendered":"http:\/\/ostrowska.tv\/?p=9507"},"modified":"2019-06-11T02:58:34","modified_gmt":"2019-06-11T01:58:34","slug":"wybuch-gazu-w-budynku-przy-limanowskiego","status":"publish","type":"post","link":"https:\/\/ostrowskatv.pl\/?p=9507","title":{"rendered":"Wybuch gazu w budynku przy Limanowskiego"},"content":{"rendered":"<p><strong>O godzinie 1.30 dosz\u0142o do wybuchu gazu w budynku znajduj\u0105cym si\u0119 wewn\u0105trz kamienicy przy ul. Limanowskiego w Ostrowie Wielkopolskim. Na miejsce zadysponowano stra\u017cak\u00f3w, karetk\u0119 oraz policj\u0119. Z mieszkania na parterze wyci\u0105gni\u0119to m\u0119\u017cczyzn\u0119, kt\u00f3ry mia\u0142 mocno poparzon\u0105 twarz i tu\u0142\u00f3w. S\u0105siedzi mieszkaj\u0105cy na pi\u0119trze powiedzieli, \u017ce od si\u0142y wybuchu podskoczy\u0142y panele pod\u0142ogowe. W\u015br\u00f3d 6 os\u00f3b zamieszkuj\u0105cych budynek, znajdowa\u0142o si\u0119 4-miesi\u0119czne dziecko.<\/strong><\/p>\n<p>Kiedy stra\u017cacy przyjechali na miejsce, nie by\u0142o ju\u017c ognia. Wst\u0119pnie stwierdzono, \u017ce rozszczelniona zosta\u0142a instalacja od kuchenki gazowej. Zgromadzony gaz propan-butan osi\u0105gn\u0105\u0142 st\u0119\u017cenie wybuchowo\u015bci, co w po\u0142\u0105czeniu z iskr\u0105\/ogniem doprowadzi\u0142o do zap\u0142onu. Na szcz\u0119\u015bcie budynek nie ucierpia\u0142 znacz\u0105co, jednak st\u0119\u017cenie m.in. py\u0142u uniemo\u017cliwi\u0142o powr\u00f3t kilkuosobowej rodziny z pi\u0119tra do mieszkania. Miejski sztab kryzysowy zapewni\u0142 im nocleg w hotelu.<\/p>\n<p>Poszkodowanego m\u0119\u017cczyzn\u0119 opatrzono wst\u0119pnie na miejscu, zak\u0142adaj\u0105c specjaln\u0105 mask\u0119 na twarz i przewieziono do ostrowskiego szpitala. Druga karetka zabra\u0142a 4-miesi\u0119czne dziecko, ale ono nie mia\u0142o widocznych obra\u017ce\u0144.<\/p>\n<p>Przedstawiciel nadzoru budowlanego dopu\u015bci\u0142 budynek do dalszego zamieszkania z uwagi na brak widocznych uszkodze\u0144 mog\u0105cych zagrozi\u0107 bezpiecze\u0144stwu. Innego zdania s\u0105 lokatorzy, podkre\u015blaj\u0105cy, \u017ce budynek ma oko\u0142o 100 lat i drewniany strop.<\/p>\n<div id='gallery-1' class='gallery galleryid-9507 gallery-columns-3 gallery-size-thumbnail'><figure class='gallery-item'>\n\t\t\t<div class='gallery-icon landscape'>\n\t\t\t\t<a href='https:\/\/ostrowskatv.pl\/?attachment_id=9508'><img loading=\"lazy\" decoding=\"async\" width=\"150\" height=\"150\" src=\"https:\/\/ostrowskatv.pl\/wp-content\/uploads\/2019\/06\/gaz_liman_06-150x150.jpg\" class=\"attachment-thumbnail size-thumbnail\" alt=\"\" \/><\/a>\n\t\t\t<\/div><\/figure><figure class='gallery-item'>\n\t\t\t<div class='gallery-icon landscape'>\n\t\t\t\t<a href='https:\/\/ostrowskatv.pl\/?attachment_id=9509'><img loading=\"lazy\" decoding=\"async\" width=\"150\" height=\"150\" src=\"https:\/\/ostrowskatv.pl\/wp-content\/uploads\/2019\/06\/gaz_liman_05-150x150.jpg\" class=\"attachment-thumbnail size-thumbnail\" alt=\"\" \/><\/a>\n\t\t\t<\/div><\/figure><figure class='gallery-item'>\n\t\t\t<div class='gallery-icon landscape'>\n\t\t\t\t<a href='https:\/\/ostrowskatv.pl\/?attachment_id=9510'><img loading=\"lazy\" decoding=\"async\" width=\"150\" height=\"150\" src=\"https:\/\/ostrowskatv.pl\/wp-content\/uploads\/2019\/06\/gaz_liman_04-150x150.jpg\" class=\"attachment-thumbnail size-thumbnail\" alt=\"\" \/><\/a>\n\t\t\t<\/div><\/figure><figure class='gallery-item'>\n\t\t\t<div class='gallery-icon landscape'>\n\t\t\t\t<a href='https:\/\/ostrowskatv.pl\/?attachment_id=9511'><img loading=\"lazy\" decoding=\"async\" width=\"150\" height=\"150\" src=\"https:\/\/ostrowskatv.pl\/wp-content\/uploads\/2019\/06\/gaz_liman_03-150x150.jpg\" class=\"attachment-thumbnail size-thumbnail\" alt=\"\" \/><\/a>\n\t\t\t<\/div><\/figure><figure class='gallery-item'>\n\t\t\t<div class='gallery-icon landscape'>\n\t\t\t\t<a href='https:\/\/ostrowskatv.pl\/?attachment_id=9512'><img loading=\"lazy\" decoding=\"async\" width=\"150\" height=\"150\" src=\"https:\/\/ostrowskatv.pl\/wp-content\/uploads\/2019\/06\/gaz_liman_02-150x150.jpg\" class=\"attachment-thumbnail size-thumbnail\" alt=\"\" \/><\/a>\n\t\t\t<\/div><\/figure><figure class='gallery-item'>\n\t\t\t<div class='gallery-icon landscape'>\n\t\t\t\t<a href='https:\/\/ostrowskatv.pl\/?attachment_id=9513'><img loading=\"lazy\" decoding=\"async\" width=\"150\" height=\"150\" src=\"https:\/\/ostrowskatv.pl\/wp-content\/uploads\/2019\/06\/gaz_liman_01-150x150.jpg\" class=\"attachment-thumbnail size-thumbnail\" alt=\"\" \/><\/a>\n\t\t\t<\/div><\/figure>\n\t\t<\/div>\n\n","protected":false},"excerpt":{"rendered":"O godzinie 1.30 dosz\u0142o do wybuchu gazu w budynku znajduj\u0105cym si\u0119 wewn\u0105trz kamienicy przy ul. Limanowskiego w Ostrowie Wielkopolskim. Na miejsce zadysponowano stra\u017cak\u00f3w, \n<a class=\"moretag\" href=\"https:\/\/ostrowskatv.pl\/?p=9507\"> [...]<\/a>","protected":false},"author":1,"featured_media":9513,"comment_status":"open","ping_status":"closed","sticky":false,"template":"","format":"standard","meta":{"footnotes":""},"categories":[1],"tags":[2],"class_list":["post-9507","post","type-post","status-publish","format-standard","has-post-thumbnail","hentry","category-news","tag-ostrow-wielkopolski"],"_links":{"self":[{"href":"https:\/\/ostrowskatv.pl\/index.php?rest_route=\/wp\/v2\/posts\/9507","targetHints":{"allow":["GET"]}}],"collection":[{"href":"https:\/\/ostrowskatv.pl\/index.php?rest_route=\/wp\/v2\/posts"}],"about":[{"href":"https:\/\/ostrowskatv.pl\/index.php?rest_route=\/wp\/v2\/types\/post"}],"author":[{"embeddable":true,"href":"https:\/\/ostrowskatv.pl\/index.php?rest_route=\/wp\/v2\/users\/1"}],"replies":[{"embeddable":true,"href":"https:\/\/ostrowskatv.pl\/index.php?rest_route=%2Fwp%2Fv2%2Fcomments&post=9507"}],"version-history":[{"count":0,"href":"https:\/\/ostrowskatv.pl\/index.php?rest_route=\/wp\/v2\/posts\/9507\/revisions"}],"wp:featuredmedia":[{"embeddable":true,"href":"https:\/\/ostrowskatv.pl\/index.php?rest_route=\/wp\/v2\/media\/9513"}],"wp:attachment":[{"href":"https:\/\/ostrowskatv.pl\/index.php?rest_route=%2Fwp%2Fv2%2Fmedia&parent=9507"}],"wp:term":[{"taxonomy":"category","embeddable":true,"href":"https:\/\/ostrowskatv.pl\/index.php?rest_route=%2Fwp%2Fv2%2Fcategories&post=9507"},{"taxonomy":"post_tag","embeddable":true,"href":"https:\/\/ostrowskatv.pl\/index.php?rest_route=%2Fwp%2Fv2%2Ftags&post=9507"}],"curies":[{"name":"wp","href":"https:\/\/api.w.org\/{rel}","templated":true}]}}