{"id":9469,"date":"2019-06-07T13:23:20","date_gmt":"2019-06-07T12:23:20","guid":{"rendered":"http:\/\/ostrowska.tv\/?p=9469"},"modified":"2019-06-07T13:47:40","modified_gmt":"2019-06-07T12:47:40","slug":"samozaplon-urbaniaka","status":"publish","type":"post","link":"https:\/\/ostrowskatv.pl\/?p=9469","title":{"rendered":"Samozap\u0142on Urbaniaka"},"content":{"rendered":"<p><strong>Pose\u0142 Jaros\u0142aw Urbaniak zorganizowa\u0142 briefing prasowy pod Punktem Selektywnej Zbi\u00f3rki Odpad\u00f3w Komunalnych przy ul. Staroprzygodzkiej w Ostrowie Wlkp. Dok\u0142adnie w tym miejscu, gdzie 5 dni temu sp\u0142on\u0119\u0142o sk\u0142adowisko odpad\u00f3w wielkogabarytowych.\u00a0 Tradycyjnie by\u0142o du\u017co dymu.<\/strong><\/p>\n<p>Pose\u0142 Urbaniak powiedzia\u0142, \u017ce wysypisko cuchnie od roku. Innego zdania s\u0105 wszyscy mieszka\u0144cy ul. Wroc\u0142awskiej, po\u015brednio s\u0105siaduj\u0105cy ze sk\u0142adowiskiem odpad\u00f3w. Ich zdaniem od\u00f3r zintesyfikowa\u0142 si\u0119 wraz z powstaniem Regionalnego Zak\u0142adu Zagospodarowania Odpad\u00f3w. Ta inwestycja, co warto pami\u0119ta\u0107, zosta\u0142a rozpocz\u0119ta za kadencji Jaros\u0142awa Urbaniaka, jako prezydenta miasta Ostrowa. W jej wyniku do Ostrowa trafiaj\u0105 odpady z a\u017c 22 gmin.<\/p>\n<p>Jaros\u0142aw Urbaniak kilkukrotnie podkre\u015bla\u0142 &#8222;przypadkowo\u015b\u0107&#8221; powstania po\u017caru. Jego zdaniem zar\u00f3wno ten po\u017car jak i dwa poprzednie powta\u0142y w niedzielny poranek. Sprawdzaj\u0105c okazuje si\u0119, \u017ce po\u017car po przeciwnej stronie drogi mia\u0142 miejsce po godzinie 13.00, wcze\u015bniejszy 10 marca po godzinie 14.00. S\u0105 to dni wolne od pracy na sk\u0142adowisku. Zdaniem pos\u0142a to za tej kadencji wybuchaj\u0105 po\u017cary. Zapomnia\u0142 jednak o wielkim po\u017carze w sortowni, kt\u00f3ra wcze\u015bniej znajdowa\u0142a si\u0119 przy ul. Wiejskiej w Ostrowie Wlkp., oczywi\u015bcie prezydentem by\u0142 ju\u017c Jaros\u0142aw Urbaniak.<\/p>\n<p>Ponadto szukano winnego, ale s\u0142owem pan pose\u0142 nie zaj\u0105kn\u0105\u0142 si\u0119 o cz\u0142onku swojej rodziny, kt\u00f3ry pracuje na PSZOK-u i jest jedn\u0105 z os\u00f3b odpowiedzialnych za przyjmowanie odpad\u00f3w wielkogabarytowych. Na ko\u0144cu nie potrafi\u0142 wyja\u015bni\u0107 na czym polega samozap\u0142on odpad\u00f3w, zmieniaj\u0105c w\u0105tek.<\/p>\n<p>&nbsp;<\/p>\n","protected":false},"excerpt":{"rendered":"Pose\u0142 Jaros\u0142aw Urbaniak zorganizowa\u0142 briefing prasowy pod Punktem Selektywnej Zbi\u00f3rki Odpad\u00f3w Komunalnych przy ul. Staroprzygodzkiej w Ostrowie Wlkp. Dok\u0142adnie w tym miejscu, gdzie \n<a class=\"moretag\" href=\"https:\/\/ostrowskatv.pl\/?p=9469\"> [...]<\/a>","protected":false},"author":1,"featured_media":9468,"comment_status":"open","ping_status":"closed","sticky":false,"template":"","format":"standard","meta":{"footnotes":""},"categories":[1],"tags":[2],"class_list":["post-9469","post","type-post","status-publish","format-standard","has-post-thumbnail","hentry","category-news","tag-ostrow-wielkopolski"],"_links":{"self":[{"href":"https:\/\/ostrowskatv.pl\/index.php?rest_route=\/wp\/v2\/posts\/9469","targetHints":{"allow":["GET"]}}],"collection":[{"href":"https:\/\/ostrowskatv.pl\/index.php?rest_route=\/wp\/v2\/posts"}],"about":[{"href":"https:\/\/ostrowskatv.pl\/index.php?rest_route=\/wp\/v2\/types\/post"}],"author":[{"embeddable":true,"href":"https:\/\/ostrowskatv.pl\/index.php?rest_route=\/wp\/v2\/users\/1"}],"replies":[{"embeddable":true,"href":"https:\/\/ostrowskatv.pl\/index.php?rest_route=%2Fwp%2Fv2%2Fcomments&post=9469"}],"version-history":[{"count":0,"href":"https:\/\/ostrowskatv.pl\/index.php?rest_route=\/wp\/v2\/posts\/9469\/revisions"}],"wp:featuredmedia":[{"embeddable":true,"href":"https:\/\/ostrowskatv.pl\/index.php?rest_route=\/wp\/v2\/media\/9468"}],"wp:attachment":[{"href":"https:\/\/ostrowskatv.pl\/index.php?rest_route=%2Fwp%2Fv2%2Fmedia&parent=9469"}],"wp:term":[{"taxonomy":"category","embeddable":true,"href":"https:\/\/ostrowskatv.pl\/index.php?rest_route=%2Fwp%2Fv2%2Fcategories&post=9469"},{"taxonomy":"post_tag","embeddable":true,"href":"https:\/\/ostrowskatv.pl\/index.php?rest_route=%2Fwp%2Fv2%2Ftags&post=9469"}],"curies":[{"name":"wp","href":"https:\/\/api.w.org\/{rel}","templated":true}]}}