{"id":9463,"date":"2019-06-06T21:12:49","date_gmt":"2019-06-06T20:12:49","guid":{"rendered":"http:\/\/ostrowska.tv\/?p=9463"},"modified":"2019-06-06T21:13:17","modified_gmt":"2019-06-06T20:13:17","slug":"nagranie-z-monitoringu-scial-latarnie-na-poznanskiej","status":"publish","type":"post","link":"https:\/\/ostrowskatv.pl\/?p=9463","title":{"rendered":"Nagranie z monitoringu &#8211; \u015bci\u0105\u0142 latarni\u0119 na Pozna\u0144skiej"},"content":{"rendered":"<p><strong>Powracamy do tematu z 27 maja, kiedy to 24-letni m\u0119\u017cczyzna, pod wp\u0142ywem alkoholu, jad\u0105c Renault Clio,\u00a0 \u015bci\u0105\u0142 latarni\u0119 przy ul. Pozna\u0144skiej w Ostrowie. Dzi\u0119ki uprzejmo\u015bci firmy Ice-Mat prezentujemy nagranie wideo z tego zdarzenia.<\/strong><\/p>\n<div style=\"width: 747px;\" class=\"wp-video\"><video class=\"wp-video-shortcode\" id=\"video-9463-1\" width=\"747\" height=\"420\" preload=\"metadata\" controls=\"controls\"><source type=\"video\/mp4\" src=\"http:\/\/ostrowska.tv\/wp-content\/uploads\/2019\/06\/MOVIE.mp4?_=1\" \/><a href=\"http:\/\/ostrowska.tv\/wp-content\/uploads\/2019\/06\/MOVIE.mp4\">http:\/\/ostrowska.tv\/wp-content\/uploads\/2019\/06\/MOVIE.mp4<\/a><\/video><\/div>\n<p>Przypomnijmy, \u017ce kierowca Renault Clio wpad\u0142 w po\u015blizg na przeciwko Zespo\u0142u Szk\u00f3\u0142 Technicznych. Auto wpad\u0142o na bia\u0142o czerwone barierki, a nast\u0119pnie \u015bci\u0119\u0142o u podstawy betonowy s\u0142up od latarni i napowietrznej linii energetycznej.<br \/>\nRenault kierowa\u0142 24-letni m\u0119\u017cczyzna, kt\u00f3ry wydmucha\u0142 promil alkoholu.<\/p>\n<p>M\u0119\u017cczyzna zosta\u0142 zabrany do wytrze\u017awienia na policyjny do\u0142ek, gdzie nast\u0119pnie zostanie przes\u0142uchany i odpowie za kierowanie pod wp\u0142ywem alkoholu.<\/p>\n<p>Na miejsce zadysponowano stra\u017c po\u017carn\u0105 oraz pogotowie energetyczne.<\/p>\n","protected":false},"excerpt":{"rendered":"Powracamy do tematu z 27 maja, kiedy to 24-letni m\u0119\u017cczyzna, pod wp\u0142ywem alkoholu, jad\u0105c Renault Clio,\u00a0 \u015bci\u0105\u0142 latarni\u0119 przy ul. Pozna\u0144skiej w Ostrowie. \n<a class=\"moretag\" href=\"https:\/\/ostrowskatv.pl\/?p=9463\"> [...]<\/a>","protected":false},"author":1,"featured_media":9464,"comment_status":"open","ping_status":"closed","sticky":false,"template":"","format":"standard","meta":{"footnotes":""},"categories":[1],"tags":[11],"class_list":["post-9463","post","type-post","status-publish","format-standard","has-post-thumbnail","hentry","category-news","tag-wypadek"],"_links":{"self":[{"href":"https:\/\/ostrowskatv.pl\/index.php?rest_route=\/wp\/v2\/posts\/9463","targetHints":{"allow":["GET"]}}],"collection":[{"href":"https:\/\/ostrowskatv.pl\/index.php?rest_route=\/wp\/v2\/posts"}],"about":[{"href":"https:\/\/ostrowskatv.pl\/index.php?rest_route=\/wp\/v2\/types\/post"}],"author":[{"embeddable":true,"href":"https:\/\/ostrowskatv.pl\/index.php?rest_route=\/wp\/v2\/users\/1"}],"replies":[{"embeddable":true,"href":"https:\/\/ostrowskatv.pl\/index.php?rest_route=%2Fwp%2Fv2%2Fcomments&post=9463"}],"version-history":[{"count":0,"href":"https:\/\/ostrowskatv.pl\/index.php?rest_route=\/wp\/v2\/posts\/9463\/revisions"}],"wp:featuredmedia":[{"embeddable":true,"href":"https:\/\/ostrowskatv.pl\/index.php?rest_route=\/wp\/v2\/media\/9464"}],"wp:attachment":[{"href":"https:\/\/ostrowskatv.pl\/index.php?rest_route=%2Fwp%2Fv2%2Fmedia&parent=9463"}],"wp:term":[{"taxonomy":"category","embeddable":true,"href":"https:\/\/ostrowskatv.pl\/index.php?rest_route=%2Fwp%2Fv2%2Fcategories&post=9463"},{"taxonomy":"post_tag","embeddable":true,"href":"https:\/\/ostrowskatv.pl\/index.php?rest_route=%2Fwp%2Fv2%2Ftags&post=9463"}],"curies":[{"name":"wp","href":"https:\/\/api.w.org\/{rel}","templated":true}]}}