{"id":9454,"date":"2019-06-05T14:49:09","date_gmt":"2019-06-05T13:49:09","guid":{"rendered":"http:\/\/ostrowska.tv\/?p=9454"},"modified":"2019-06-05T14:49:09","modified_gmt":"2019-06-05T13:49:09","slug":"kosili-trawe-tir-w-rowie","status":"publish","type":"post","link":"https:\/\/ostrowskatv.pl\/?p=9454","title":{"rendered":"Kosili traw\u0119, tir w rowie"},"content":{"rendered":"<p><strong>Kierowca ci\u0119\u017carowego DAF-a wjecha\u0142 do rowu. Do zdarzenia dosz\u0142o na drodze krajowej nr 11 na odcinku Pleszew &#8211; Ostr\u00f3w Wlkp. ko\u0142o Sob\u00f3tki. \u017badnej z os\u00f3b nic si\u0119 nie sta\u0142o<\/strong>.<\/p>\n<p>Samoch\u00f3d ci\u0119\u017carowy przewo\u017c\u0105cy pasze jecha\u0142 od strony Pleszewa. Na poboczu by\u0142a kiszona trawa. Kierowca za p\u00f3\u017ano zorientowa\u0142 si\u0119 w sytuacji na drodze i zjecha\u0142 do przydro\u017cnego rowu. Samoch\u00f3d le\u017cy na boku, a po\u0142owa towaru si\u0119 wysypa\u0142a.<\/p>\n<p>Zdarzenie mia\u0142o miejsce przed godzin\u0105 15.00. Ruch odbywa si\u0119 wahad\u0142owo.<\/p>\n<div id='gallery-1' class='gallery galleryid-9454 gallery-columns-3 gallery-size-thumbnail'><figure class='gallery-item'>\n\t\t\t<div class='gallery-icon landscape'>\n\t\t\t\t<a href='https:\/\/ostrowskatv.pl\/?attachment_id=9453'><img loading=\"lazy\" decoding=\"async\" width=\"150\" height=\"150\" src=\"https:\/\/ostrowskatv.pl\/wp-content\/uploads\/2019\/06\/IMG_20190605_150338-01-150x150.jpeg\" class=\"attachment-thumbnail size-thumbnail\" alt=\"\" \/><\/a>\n\t\t\t<\/div><\/figure><figure class='gallery-item'>\n\t\t\t<div class='gallery-icon landscape'>\n\t\t\t\t<a href='https:\/\/ostrowskatv.pl\/?attachment_id=9452'><img loading=\"lazy\" decoding=\"async\" width=\"150\" height=\"150\" src=\"https:\/\/ostrowskatv.pl\/wp-content\/uploads\/2019\/06\/IMG_20190605_150431-01-150x150.jpeg\" class=\"attachment-thumbnail size-thumbnail\" alt=\"\" \/><\/a>\n\t\t\t<\/div><\/figure><figure class='gallery-item'>\n\t\t\t<div class='gallery-icon landscape'>\n\t\t\t\t<a href='https:\/\/ostrowskatv.pl\/?attachment_id=9451'><img loading=\"lazy\" decoding=\"async\" width=\"150\" height=\"150\" src=\"https:\/\/ostrowskatv.pl\/wp-content\/uploads\/2019\/06\/IMG_20190605_150600-01-150x150.jpeg\" class=\"attachment-thumbnail size-thumbnail\" alt=\"\" \/><\/a>\n\t\t\t<\/div><\/figure>\n\t\t<\/div>\n\n","protected":false},"excerpt":{"rendered":"Kierowca ci\u0119\u017carowego DAF-a wjecha\u0142 do rowu. Do zdarzenia dosz\u0142o na drodze krajowej nr 11 na odcinku Pleszew &#8211; Ostr\u00f3w Wlkp. ko\u0142o Sob\u00f3tki. \u017badnej \n<a class=\"moretag\" href=\"https:\/\/ostrowskatv.pl\/?p=9454\"> [...]<\/a>","protected":false},"author":1,"featured_media":9453,"comment_status":"open","ping_status":"closed","sticky":false,"template":"","format":"standard","meta":{"footnotes":""},"categories":[1],"tags":[116],"class_list":["post-9454","post","type-post","status-publish","format-standard","has-post-thumbnail","hentry","category-news","tag-dk11"],"_links":{"self":[{"href":"https:\/\/ostrowskatv.pl\/index.php?rest_route=\/wp\/v2\/posts\/9454","targetHints":{"allow":["GET"]}}],"collection":[{"href":"https:\/\/ostrowskatv.pl\/index.php?rest_route=\/wp\/v2\/posts"}],"about":[{"href":"https:\/\/ostrowskatv.pl\/index.php?rest_route=\/wp\/v2\/types\/post"}],"author":[{"embeddable":true,"href":"https:\/\/ostrowskatv.pl\/index.php?rest_route=\/wp\/v2\/users\/1"}],"replies":[{"embeddable":true,"href":"https:\/\/ostrowskatv.pl\/index.php?rest_route=%2Fwp%2Fv2%2Fcomments&post=9454"}],"version-history":[{"count":0,"href":"https:\/\/ostrowskatv.pl\/index.php?rest_route=\/wp\/v2\/posts\/9454\/revisions"}],"wp:featuredmedia":[{"embeddable":true,"href":"https:\/\/ostrowskatv.pl\/index.php?rest_route=\/wp\/v2\/media\/9453"}],"wp:attachment":[{"href":"https:\/\/ostrowskatv.pl\/index.php?rest_route=%2Fwp%2Fv2%2Fmedia&parent=9454"}],"wp:term":[{"taxonomy":"category","embeddable":true,"href":"https:\/\/ostrowskatv.pl\/index.php?rest_route=%2Fwp%2Fv2%2Fcategories&post=9454"},{"taxonomy":"post_tag","embeddable":true,"href":"https:\/\/ostrowskatv.pl\/index.php?rest_route=%2Fwp%2Fv2%2Ftags&post=9454"}],"curies":[{"name":"wp","href":"https:\/\/api.w.org\/{rel}","templated":true}]}}