{"id":9440,"date":"2019-06-03T16:51:34","date_gmt":"2019-06-03T15:51:34","guid":{"rendered":"http:\/\/ostrowska.tv\/?p=9440"},"modified":"2019-06-03T16:51:34","modified_gmt":"2019-06-03T15:51:34","slug":"5-osob-poszkodowanych-na-trasie-odolanow-sulmierzyce","status":"publish","type":"post","link":"https:\/\/ostrowskatv.pl\/?p=9440","title":{"rendered":"5 os\u00f3b poszkodowanych na trasie Odolan\u00f3w &#8211; Sulmierzyce"},"content":{"rendered":"<p><strong>5 os\u00f3b zosta\u0142o poszkodowanych w wypadku 3 aut na trasie Odolan\u00f3w &#8211; Sulmierzyce. Do zdarzenia dosz\u0142o oko\u0142o godziny 15:00 na drodze wojew\u00f3dzkiej 444. Po wypadku, dwa auta wjecha\u0142y do rowu. Na miejsce zadysponowano \u015bmig\u0142owiec LPR.<\/p>\n<p>Ze wst\u0119pnych ustale\u0144 wynika, \u017ce jeden z kierowc\u00f3w &#8222;wyprzedza\u0142 na trzeciego&#8221;. W wypadku bra\u0142y udzia\u0142 Renault Traffic, Ford Focus i bia\u0142a osob\u00f3wka.<\/p>\n<div id='gallery-1' class='gallery galleryid-9440 gallery-columns-3 gallery-size-thumbnail'><figure class='gallery-item'>\n\t\t\t<div class='gallery-icon landscape'>\n\t\t\t\t<a href='https:\/\/ostrowskatv.pl\/?attachment_id=9444'><img loading=\"lazy\" decoding=\"async\" width=\"150\" height=\"150\" src=\"https:\/\/ostrowskatv.pl\/wp-content\/uploads\/2019\/06\/sulmierzyce4-150x150.jpg\" class=\"attachment-thumbnail size-thumbnail\" alt=\"\" \/><\/a>\n\t\t\t<\/div><\/figure><figure class='gallery-item'>\n\t\t\t<div class='gallery-icon landscape'>\n\t\t\t\t<a href='https:\/\/ostrowskatv.pl\/?attachment_id=9443'><img loading=\"lazy\" decoding=\"async\" width=\"150\" height=\"150\" src=\"https:\/\/ostrowskatv.pl\/wp-content\/uploads\/2019\/06\/sulmierzyce3-150x150.jpg\" class=\"attachment-thumbnail size-thumbnail\" alt=\"\" \/><\/a>\n\t\t\t<\/div><\/figure><figure class='gallery-item'>\n\t\t\t<div class='gallery-icon landscape'>\n\t\t\t\t<a href='https:\/\/ostrowskatv.pl\/?attachment_id=9442'><img loading=\"lazy\" decoding=\"async\" width=\"150\" height=\"150\" src=\"https:\/\/ostrowskatv.pl\/wp-content\/uploads\/2019\/06\/sulmierzyce2-150x150.jpg\" class=\"attachment-thumbnail size-thumbnail\" alt=\"\" \/><\/a>\n\t\t\t<\/div><\/figure><figure class='gallery-item'>\n\t\t\t<div class='gallery-icon landscape'>\n\t\t\t\t<a href='https:\/\/ostrowskatv.pl\/?attachment_id=9441'><img loading=\"lazy\" decoding=\"async\" width=\"150\" height=\"150\" src=\"https:\/\/ostrowskatv.pl\/wp-content\/uploads\/2019\/06\/sulmierzyce1-150x150.jpg\" class=\"attachment-thumbnail size-thumbnail\" alt=\"\" \/><\/a>\n\t\t\t<\/div><\/figure>\n\t\t<\/div>\n\n","protected":false},"excerpt":{"rendered":"5 os\u00f3b zosta\u0142o poszkodowanych w wypadku 3 aut na trasie Odolan\u00f3w &#8211; Sulmierzyce. Do zdarzenia dosz\u0142o oko\u0142o godziny 15:00 na drodze wojew\u00f3dzkiej 444. \n<a class=\"moretag\" href=\"https:\/\/ostrowskatv.pl\/?p=9440\"> [...]<\/a>","protected":false},"author":1,"featured_media":9443,"comment_status":"open","ping_status":"closed","sticky":false,"template":"","format":"standard","meta":{"footnotes":""},"categories":[1],"tags":[11],"class_list":["post-9440","post","type-post","status-publish","format-standard","has-post-thumbnail","hentry","category-news","tag-wypadek"],"_links":{"self":[{"href":"https:\/\/ostrowskatv.pl\/index.php?rest_route=\/wp\/v2\/posts\/9440","targetHints":{"allow":["GET"]}}],"collection":[{"href":"https:\/\/ostrowskatv.pl\/index.php?rest_route=\/wp\/v2\/posts"}],"about":[{"href":"https:\/\/ostrowskatv.pl\/index.php?rest_route=\/wp\/v2\/types\/post"}],"author":[{"embeddable":true,"href":"https:\/\/ostrowskatv.pl\/index.php?rest_route=\/wp\/v2\/users\/1"}],"replies":[{"embeddable":true,"href":"https:\/\/ostrowskatv.pl\/index.php?rest_route=%2Fwp%2Fv2%2Fcomments&post=9440"}],"version-history":[{"count":0,"href":"https:\/\/ostrowskatv.pl\/index.php?rest_route=\/wp\/v2\/posts\/9440\/revisions"}],"wp:featuredmedia":[{"embeddable":true,"href":"https:\/\/ostrowskatv.pl\/index.php?rest_route=\/wp\/v2\/media\/9443"}],"wp:attachment":[{"href":"https:\/\/ostrowskatv.pl\/index.php?rest_route=%2Fwp%2Fv2%2Fmedia&parent=9440"}],"wp:term":[{"taxonomy":"category","embeddable":true,"href":"https:\/\/ostrowskatv.pl\/index.php?rest_route=%2Fwp%2Fv2%2Fcategories&post=9440"},{"taxonomy":"post_tag","embeddable":true,"href":"https:\/\/ostrowskatv.pl\/index.php?rest_route=%2Fwp%2Fv2%2Ftags&post=9440"}],"curies":[{"name":"wp","href":"https:\/\/api.w.org\/{rel}","templated":true}]}}