{"id":9438,"date":"2019-06-02T19:04:17","date_gmt":"2019-06-02T18:04:17","guid":{"rendered":"http:\/\/ostrowska.tv\/?p=9438"},"modified":"2019-06-02T19:04:17","modified_gmt":"2019-06-02T18:04:17","slug":"pozar-w-kamienicy-uwiezieni-ludzie","status":"publish","type":"post","link":"https:\/\/ostrowskatv.pl\/?p=9438","title":{"rendered":"Po\u017car w kamienicy. Uwi\u0119zieni ludzie"},"content":{"rendered":"<p>Przed godzin\u0105 20.00 dosz\u0142o do po\u017caru poddasza w kamienicy przy ul. Wolno\u015bci w Ostrowie Wielkopolskim. Dwie osoby i pies by\u0142y uwi\u0119zione i macha\u0142y o pomoc.<\/p>\n<p>Stra\u017cacy za pomoc\u0105 podno\u015bnika uratowali ich i przekazali s\u0142u\u017cbom ratowniczym. <\/p>\n","protected":false},"excerpt":{"rendered":"Przed godzin\u0105 20.00 dosz\u0142o do po\u017caru poddasza w kamienicy przy ul. Wolno\u015bci w Ostrowie Wielkopolskim. Dwie osoby i pies by\u0142y uwi\u0119zione i macha\u0142y \n<a class=\"moretag\" href=\"https:\/\/ostrowskatv.pl\/?p=9438\"> [...]<\/a>","protected":false},"author":1,"featured_media":9437,"comment_status":"open","ping_status":"closed","sticky":false,"template":"","format":"standard","meta":{"footnotes":""},"categories":[1],"tags":[2],"class_list":["post-9438","post","type-post","status-publish","format-standard","has-post-thumbnail","hentry","category-news","tag-ostrow-wielkopolski"],"_links":{"self":[{"href":"https:\/\/ostrowskatv.pl\/index.php?rest_route=\/wp\/v2\/posts\/9438","targetHints":{"allow":["GET"]}}],"collection":[{"href":"https:\/\/ostrowskatv.pl\/index.php?rest_route=\/wp\/v2\/posts"}],"about":[{"href":"https:\/\/ostrowskatv.pl\/index.php?rest_route=\/wp\/v2\/types\/post"}],"author":[{"embeddable":true,"href":"https:\/\/ostrowskatv.pl\/index.php?rest_route=\/wp\/v2\/users\/1"}],"replies":[{"embeddable":true,"href":"https:\/\/ostrowskatv.pl\/index.php?rest_route=%2Fwp%2Fv2%2Fcomments&post=9438"}],"version-history":[{"count":0,"href":"https:\/\/ostrowskatv.pl\/index.php?rest_route=\/wp\/v2\/posts\/9438\/revisions"}],"wp:featuredmedia":[{"embeddable":true,"href":"https:\/\/ostrowskatv.pl\/index.php?rest_route=\/wp\/v2\/media\/9437"}],"wp:attachment":[{"href":"https:\/\/ostrowskatv.pl\/index.php?rest_route=%2Fwp%2Fv2%2Fmedia&parent=9438"}],"wp:term":[{"taxonomy":"category","embeddable":true,"href":"https:\/\/ostrowskatv.pl\/index.php?rest_route=%2Fwp%2Fv2%2Fcategories&post=9438"},{"taxonomy":"post_tag","embeddable":true,"href":"https:\/\/ostrowskatv.pl\/index.php?rest_route=%2Fwp%2Fv2%2Ftags&post=9438"}],"curies":[{"name":"wp","href":"https:\/\/api.w.org\/{rel}","templated":true}]}}