{"id":9422,"date":"2019-05-31T11:54:03","date_gmt":"2019-05-31T10:54:03","guid":{"rendered":"http:\/\/ostrowska.tv\/?p=9422"},"modified":"2019-05-31T12:06:35","modified_gmt":"2019-05-31T11:06:35","slug":"ciezarowka-potracila-robotnika-w-lakocinach","status":"publish","type":"post","link":"https:\/\/ostrowskatv.pl\/?p=9422","title":{"rendered":"Ci\u0119\u017car\u00f3wka potr\u0105ci\u0142a robotnika w \u0141\u0105kocinach &#8211; aktualizacja"},"content":{"rendered":"<p><strong>Po godzinie 12.00 podczas prac drogowych dosz\u0142o do powa\u017cnego potr\u0105cenia m\u0119\u017cczyzny. Zar\u00f3wno kierowca ci\u0119\u017car\u00f3wki jak i robotnik wykonywali prace w ramach remontu drogi. W pewnym momencie ci\u0119\u017car\u00f3wka wci\u0105gn\u0119\u0142a pracownika pomi\u0119dzy ko\u0142a z prawej osi.<\/strong><\/p>\n<p>Kiedy s\u0142u\u017cby dotar\u0142y na miejsce, poszkodowany by\u0142 przytomny. Zosta\u0142 zabrany do szpitala. <\/p>\n<p>Aktualizacja:<br \/>\nKierowca samochodu ci\u0119\u017carowego cofa\u0142 i przejecha\u0142 po koledze z firmy, kt\u00f3ry sta\u0142 za pojazdem. <\/p>\n<div id='gallery-1' class='gallery galleryid-9422 gallery-columns-3 gallery-size-thumbnail'><figure class='gallery-item'>\n\t\t\t<div class='gallery-icon portrait'>\n\t\t\t\t<a href='https:\/\/ostrowskatv.pl\/?attachment_id=9420'><img loading=\"lazy\" decoding=\"async\" width=\"150\" height=\"150\" src=\"https:\/\/ostrowskatv.pl\/wp-content\/uploads\/2019\/05\/IMG_20190531_123427-01-150x150.jpeg\" class=\"attachment-thumbnail size-thumbnail\" alt=\"\" \/><\/a>\n\t\t\t<\/div><\/figure><figure class='gallery-item'>\n\t\t\t<div class='gallery-icon landscape'>\n\t\t\t\t<a href='https:\/\/ostrowskatv.pl\/?attachment_id=9419'><img loading=\"lazy\" decoding=\"async\" width=\"150\" height=\"150\" src=\"https:\/\/ostrowskatv.pl\/wp-content\/uploads\/2019\/05\/IMG_20190531_124123-01-150x150.jpeg\" class=\"attachment-thumbnail size-thumbnail\" alt=\"\" \/><\/a>\n\t\t\t<\/div><\/figure><figure class='gallery-item'>\n\t\t\t<div class='gallery-icon landscape'>\n\t\t\t\t<a href='https:\/\/ostrowskatv.pl\/?attachment_id=9418'><img loading=\"lazy\" decoding=\"async\" width=\"150\" height=\"150\" src=\"https:\/\/ostrowskatv.pl\/wp-content\/uploads\/2019\/05\/IMG_20190531_123516-01-150x150.jpeg\" class=\"attachment-thumbnail size-thumbnail\" alt=\"\" \/><\/a>\n\t\t\t<\/div><\/figure><figure class='gallery-item'>\n\t\t\t<div class='gallery-icon landscape'>\n\t\t\t\t<a href='https:\/\/ostrowskatv.pl\/?attachment_id=9417'><img loading=\"lazy\" decoding=\"async\" width=\"150\" height=\"150\" src=\"https:\/\/ostrowskatv.pl\/wp-content\/uploads\/2019\/05\/IMG_20190531_123537-01-150x150.jpeg\" class=\"attachment-thumbnail size-thumbnail\" alt=\"\" \/><\/a>\n\t\t\t<\/div><\/figure><figure class='gallery-item'>\n\t\t\t<div class='gallery-icon landscape'>\n\t\t\t\t<a href='https:\/\/ostrowskatv.pl\/?attachment_id=9421'><img loading=\"lazy\" decoding=\"async\" width=\"150\" height=\"150\" src=\"https:\/\/ostrowskatv.pl\/wp-content\/uploads\/2019\/05\/IMG_20190531_123358-01-150x150.jpeg\" class=\"attachment-thumbnail size-thumbnail\" alt=\"\" \/><\/a>\n\t\t\t<\/div><\/figure>\n\t\t<\/div>\n\n","protected":false},"excerpt":{"rendered":"Po godzinie 12.00 podczas prac drogowych dosz\u0142o do powa\u017cnego potr\u0105cenia m\u0119\u017cczyzny. Zar\u00f3wno kierowca ci\u0119\u017car\u00f3wki jak i robotnik wykonywali prace w ramach remontu drogi. \n<a class=\"moretag\" href=\"https:\/\/ostrowskatv.pl\/?p=9422\"> [...]<\/a>","protected":false},"author":1,"featured_media":9418,"comment_status":"open","ping_status":"closed","sticky":false,"template":"","format":"standard","meta":{"footnotes":""},"categories":[1],"tags":[76],"class_list":["post-9422","post","type-post","status-publish","format-standard","has-post-thumbnail","hentry","category-news","tag-lakociny"],"_links":{"self":[{"href":"https:\/\/ostrowskatv.pl\/index.php?rest_route=\/wp\/v2\/posts\/9422","targetHints":{"allow":["GET"]}}],"collection":[{"href":"https:\/\/ostrowskatv.pl\/index.php?rest_route=\/wp\/v2\/posts"}],"about":[{"href":"https:\/\/ostrowskatv.pl\/index.php?rest_route=\/wp\/v2\/types\/post"}],"author":[{"embeddable":true,"href":"https:\/\/ostrowskatv.pl\/index.php?rest_route=\/wp\/v2\/users\/1"}],"replies":[{"embeddable":true,"href":"https:\/\/ostrowskatv.pl\/index.php?rest_route=%2Fwp%2Fv2%2Fcomments&post=9422"}],"version-history":[{"count":0,"href":"https:\/\/ostrowskatv.pl\/index.php?rest_route=\/wp\/v2\/posts\/9422\/revisions"}],"wp:featuredmedia":[{"embeddable":true,"href":"https:\/\/ostrowskatv.pl\/index.php?rest_route=\/wp\/v2\/media\/9418"}],"wp:attachment":[{"href":"https:\/\/ostrowskatv.pl\/index.php?rest_route=%2Fwp%2Fv2%2Fmedia&parent=9422"}],"wp:term":[{"taxonomy":"category","embeddable":true,"href":"https:\/\/ostrowskatv.pl\/index.php?rest_route=%2Fwp%2Fv2%2Fcategories&post=9422"},{"taxonomy":"post_tag","embeddable":true,"href":"https:\/\/ostrowskatv.pl\/index.php?rest_route=%2Fwp%2Fv2%2Ftags&post=9422"}],"curies":[{"name":"wp","href":"https:\/\/api.w.org\/{rel}","templated":true}]}}