{"id":9410,"date":"2019-05-31T07:47:48","date_gmt":"2019-05-31T06:47:48","guid":{"rendered":"http:\/\/ostrowska.tv\/?p=9410"},"modified":"2019-05-31T07:47:48","modified_gmt":"2019-05-31T06:47:48","slug":"splonal-ford-focus-na-komuny-paryskiej","status":"publish","type":"post","link":"https:\/\/ostrowskatv.pl\/?p=9410","title":{"rendered":"Sp\u0142on\u0105\u0142 Ford Focus na Komuny Paryskiej"},"content":{"rendered":"<p><strong>Po godzinie 8.00 zg\u0142oszono po\u017car samochodu przy ul. Komuny Paryskiej. Zanim dojecha\u0142 zast\u0119p stra\u017cy po\u017carnej, zu\u017cyto 4 ga\u015bnice, w tym do\u015b\u0107 spor\u0105 z pobliskiej firmy Sinkoplex. Dzi\u0119ki temu ogie\u0144 nie rozwin\u0105\u0142 si\u0119.<\/strong><\/p>\n<p>Stra\u017cacy po przyje\u017adzie dogasili miejsce po\u017caru wod\u0105. Po przewietrzeniu okaza\u0142o si\u0119, \u017ce uszkodzone zosta\u0142o wn\u0119trze Forda Focusa oraz cz\u0119\u015b\u0107 komory silnika. Podczas po\u017caru wystrzeli\u0142a poduszka powietrzna pasa\u017cera.<\/p>\n<p>Auto zapali\u0142 si\u0119 podczas jazdy, a w \u015brodku znajdowa\u0142a si\u0119 niespe\u0142na 40-letnia kobieta.<\/p>\n<div id='gallery-1' class='gallery galleryid-9410 gallery-columns-3 gallery-size-thumbnail'><figure class='gallery-item'>\n\t\t\t<div class='gallery-icon landscape'>\n\t\t\t\t<a href='https:\/\/ostrowskatv.pl\/?attachment_id=9414'><img loading=\"lazy\" decoding=\"async\" width=\"150\" height=\"150\" src=\"https:\/\/ostrowskatv.pl\/wp-content\/uploads\/2019\/05\/IMG_20190531_082327-01-150x150.jpeg\" class=\"attachment-thumbnail size-thumbnail\" alt=\"\" \/><\/a>\n\t\t\t<\/div><\/figure><figure class='gallery-item'>\n\t\t\t<div class='gallery-icon landscape'>\n\t\t\t\t<a href='https:\/\/ostrowskatv.pl\/?attachment_id=9413'><img loading=\"lazy\" decoding=\"async\" width=\"150\" height=\"150\" src=\"https:\/\/ostrowskatv.pl\/wp-content\/uploads\/2019\/05\/IMG_20190531_082051-01-150x150.jpeg\" class=\"attachment-thumbnail size-thumbnail\" alt=\"\" \/><\/a>\n\t\t\t<\/div><\/figure><figure class='gallery-item'>\n\t\t\t<div class='gallery-icon landscape'>\n\t\t\t\t<a href='https:\/\/ostrowskatv.pl\/?attachment_id=9412'><img loading=\"lazy\" decoding=\"async\" width=\"150\" height=\"150\" src=\"https:\/\/ostrowskatv.pl\/wp-content\/uploads\/2019\/05\/IMG_20190531_082054-01-150x150.jpeg\" class=\"attachment-thumbnail size-thumbnail\" alt=\"\" \/><\/a>\n\t\t\t<\/div><\/figure><figure class='gallery-item'>\n\t\t\t<div class='gallery-icon landscape'>\n\t\t\t\t<a href='https:\/\/ostrowskatv.pl\/?attachment_id=9415'><img loading=\"lazy\" decoding=\"async\" width=\"150\" height=\"150\" src=\"https:\/\/ostrowskatv.pl\/wp-content\/uploads\/2019\/05\/IMG_20190531_082246-01-150x150.jpeg\" class=\"attachment-thumbnail size-thumbnail\" alt=\"\" \/><\/a>\n\t\t\t<\/div><\/figure><figure class='gallery-item'>\n\t\t\t<div class='gallery-icon landscape'>\n\t\t\t\t<a href='https:\/\/ostrowskatv.pl\/?attachment_id=9411'><img loading=\"lazy\" decoding=\"async\" width=\"150\" height=\"150\" src=\"https:\/\/ostrowskatv.pl\/wp-content\/uploads\/2019\/05\/IMG_20190531_082614-01-150x150.jpeg\" class=\"attachment-thumbnail size-thumbnail\" alt=\"\" \/><\/a>\n\t\t\t<\/div><\/figure>\n\t\t<\/div>\n\n","protected":false},"excerpt":{"rendered":"Po godzinie 8.00 zg\u0142oszono po\u017car samochodu przy ul. Komuny Paryskiej. Zanim dojecha\u0142 zast\u0119p stra\u017cy po\u017carnej, zu\u017cyto 4 ga\u015bnice, w tym do\u015b\u0107 spor\u0105 z \n<a class=\"moretag\" href=\"https:\/\/ostrowskatv.pl\/?p=9410\"> [...]<\/a>","protected":false},"author":1,"featured_media":9412,"comment_status":"open","ping_status":"closed","sticky":false,"template":"","format":"standard","meta":{"footnotes":""},"categories":[1],"tags":[2],"class_list":["post-9410","post","type-post","status-publish","format-standard","has-post-thumbnail","hentry","category-news","tag-ostrow-wielkopolski"],"_links":{"self":[{"href":"https:\/\/ostrowskatv.pl\/index.php?rest_route=\/wp\/v2\/posts\/9410","targetHints":{"allow":["GET"]}}],"collection":[{"href":"https:\/\/ostrowskatv.pl\/index.php?rest_route=\/wp\/v2\/posts"}],"about":[{"href":"https:\/\/ostrowskatv.pl\/index.php?rest_route=\/wp\/v2\/types\/post"}],"author":[{"embeddable":true,"href":"https:\/\/ostrowskatv.pl\/index.php?rest_route=\/wp\/v2\/users\/1"}],"replies":[{"embeddable":true,"href":"https:\/\/ostrowskatv.pl\/index.php?rest_route=%2Fwp%2Fv2%2Fcomments&post=9410"}],"version-history":[{"count":0,"href":"https:\/\/ostrowskatv.pl\/index.php?rest_route=\/wp\/v2\/posts\/9410\/revisions"}],"wp:featuredmedia":[{"embeddable":true,"href":"https:\/\/ostrowskatv.pl\/index.php?rest_route=\/wp\/v2\/media\/9412"}],"wp:attachment":[{"href":"https:\/\/ostrowskatv.pl\/index.php?rest_route=%2Fwp%2Fv2%2Fmedia&parent=9410"}],"wp:term":[{"taxonomy":"category","embeddable":true,"href":"https:\/\/ostrowskatv.pl\/index.php?rest_route=%2Fwp%2Fv2%2Fcategories&post=9410"},{"taxonomy":"post_tag","embeddable":true,"href":"https:\/\/ostrowskatv.pl\/index.php?rest_route=%2Fwp%2Fv2%2Ftags&post=9410"}],"curies":[{"name":"wp","href":"https:\/\/api.w.org\/{rel}","templated":true}]}}