{"id":94,"date":"2015-12-31T13:52:07","date_gmt":"2015-12-31T12:52:07","guid":{"rendered":"http:\/\/ostrowska.tv\/?p=94"},"modified":"2015-12-31T17:50:44","modified_gmt":"2015-12-31T16:50:44","slug":"radny-musial-przeprosic","status":"publish","type":"post","link":"https:\/\/ostrowskatv.pl\/?p=94","title":{"rendered":"Radny musia\u0142 przeprosi\u0107"},"content":{"rendered":"<p><strong>Podczas ostatniej Sesji Rady Miejskiej Ostrowa Wielkopolskiego radny Jakub Paduch przeprosi\u0142 Magdalen\u0119 Waliszewsk\u0105, kt\u00f3ra zagrozi\u0142a mu s\u0105dem.<\/strong><\/p>\n<p>Radny Paduch mia\u0142 przeprosi\u0107 za s\u0142owa dotycz\u0105ce sprzeda\u017cy lokali komunalnych za przys\u0142owiow\u0105 z\u0142ot\u00f3wk\u0119. Jak twierdzi\u0142, tak\u0105 obietnic\u0119 mieszka\u0144com mia\u0142a z\u0142o\u017cy\u0107 Magdalena Waliszewska. Radna by\u0142a na tyle oburzona tymi stwierdzeniem, \u017ce zabra\u0142a g\u0142o\u015b podczas ostatniej Sesji Rady Miejskiej. Waliszewska podkre\u015bli\u0142a, \u017ce s\u0142owa Jakuba Paducha nie mia\u0142y nic wsp\u00f3lnego z prawd\u0105 i za\u017c\u0105da\u0142a przeprosin. W przeciwnym razie zamierza\u0142a wst\u0105pi\u0107 na drog\u0105 s\u0105dow\u0105 i tam dochodzi\u0107 swoich praw.<\/p>\n<p>Radny najpierw zacz\u0105\u0142 si\u0119 t\u0142umaczy\u0107, ale ostatecznie powiedzia\u0142 &#8222;przepraszam&#8221;. W tej chwili trudno powiedzie\u0107, czy to wystarczy, by unikn\u0105\u0107 procesu. Magdalena Waliszewska oczekiwa\u0142a bowiem bardziej rozbudowanych przeprosin w formie specjalnie o\u015bwiadczenia. Ca\u0142\u0105 spraw\u0119 dok\u0142adnie obrazuje poni\u017cszy materia\u0142 wideo.<\/p>\n<div style=\"width: 640px;\" class=\"wp-video\"><video class=\"wp-video-shortcode\" id=\"video-94-1\" width=\"640\" height=\"360\" preload=\"metadata\" controls=\"controls\"><source type=\"video\/mp4\" src=\"http:\/\/ostrowska.tv\/wp-content\/uploads\/2015\/12\/przeprosiny-paduch.mp4?_=1\" \/><a href=\"http:\/\/ostrowska.tv\/wp-content\/uploads\/2015\/12\/przeprosiny-paduch.mp4\">http:\/\/ostrowska.tv\/wp-content\/uploads\/2015\/12\/przeprosiny-paduch.mp4<\/a><\/video><\/div>\n","protected":false},"excerpt":{"rendered":"Podczas ostatniej Sesji Rady Miejskiej Ostrowa Wielkopolskiego radny Jakub Paduch przeprosi\u0142 Magdalen\u0119 Waliszewsk\u0105, kt\u00f3ra zagrozi\u0142a mu s\u0105dem. Radny Paduch mia\u0142 przeprosi\u0107 za s\u0142owa \n<a class=\"moretag\" href=\"https:\/\/ostrowskatv.pl\/?p=94\"> [...]<\/a>","protected":false},"author":1,"featured_media":95,"comment_status":"open","ping_status":"open","sticky":false,"template":"","format":"standard","meta":{"footnotes":""},"categories":[1],"tags":[2],"class_list":["post-94","post","type-post","status-publish","format-standard","has-post-thumbnail","hentry","category-news","tag-ostrow-wielkopolski"],"_links":{"self":[{"href":"https:\/\/ostrowskatv.pl\/index.php?rest_route=\/wp\/v2\/posts\/94","targetHints":{"allow":["GET"]}}],"collection":[{"href":"https:\/\/ostrowskatv.pl\/index.php?rest_route=\/wp\/v2\/posts"}],"about":[{"href":"https:\/\/ostrowskatv.pl\/index.php?rest_route=\/wp\/v2\/types\/post"}],"author":[{"embeddable":true,"href":"https:\/\/ostrowskatv.pl\/index.php?rest_route=\/wp\/v2\/users\/1"}],"replies":[{"embeddable":true,"href":"https:\/\/ostrowskatv.pl\/index.php?rest_route=%2Fwp%2Fv2%2Fcomments&post=94"}],"version-history":[{"count":0,"href":"https:\/\/ostrowskatv.pl\/index.php?rest_route=\/wp\/v2\/posts\/94\/revisions"}],"wp:featuredmedia":[{"embeddable":true,"href":"https:\/\/ostrowskatv.pl\/index.php?rest_route=\/wp\/v2\/media\/95"}],"wp:attachment":[{"href":"https:\/\/ostrowskatv.pl\/index.php?rest_route=%2Fwp%2Fv2%2Fmedia&parent=94"}],"wp:term":[{"taxonomy":"category","embeddable":true,"href":"https:\/\/ostrowskatv.pl\/index.php?rest_route=%2Fwp%2Fv2%2Fcategories&post=94"},{"taxonomy":"post_tag","embeddable":true,"href":"https:\/\/ostrowskatv.pl\/index.php?rest_route=%2Fwp%2Fv2%2Ftags&post=94"}],"curies":[{"name":"wp","href":"https:\/\/api.w.org\/{rel}","templated":true}]}}