{"id":9393,"date":"2019-05-28T16:40:52","date_gmt":"2019-05-28T15:40:52","guid":{"rendered":"http:\/\/ostrowska.tv\/?p=9393"},"modified":"2019-05-28T16:41:29","modified_gmt":"2019-05-28T15:41:29","slug":"wczoraj-skrzynka-a-dzisiaj-caly-tir","status":"publish","type":"post","link":"https:\/\/ostrowskatv.pl\/?p=9393","title":{"rendered":"Wczoraj skrzynka z piwem, a dzisiaj ca\u0142y TIR"},"content":{"rendered":"<p><strong>Trudny okres nasta\u0142 dla mi\u0142o\u015bnik\u00f3w z\u0142ocistego trunku. Wczoraj pojawi\u0142a si\u0119 informacja o rozbitych butelkach przewo\u017conych w skrzynce w baga\u017cniku osob\u00f3wki. Dzi\u015b 38-letni Tomasz z ci\u0119\u017carowego MAN-a podni\u00f3s\u0142 stawk\u0119. R\u00f3wnie\u017c na krajowej 11-tce rozbi\u0142 piwo, ale tym razem przewo\u017cone samochodem ci\u0119\u017carowym marki MAN. Kierowca to mieszkaniec powiatu ostrowskiego.<\/strong><\/p>\n<p>Do zdarzenia dosz\u0142o o godzinie 6.30 na drodze krajowej nr 11, ko\u0142o miejscowo\u015bci Brodowo w powiecie \u015bredzkim. M\u0119\u017cczyzna wykonuj\u0105cym nieprawid\u0142owy manewr wymijania, zjecha\u0142 na prawo i doprowadzi\u0142 do przewr\u00f3cenia si\u0119 samochodu ci\u0119\u017carowego z naczep\u0105. Na szcz\u0119\u015bcie nikomu nic si\u0119 nie sta\u0142o, a m\u0119\u017cczyzn\u0119 ukarano mandatem karnym za stworzenie niebezpiecze\u0144stwa na drodze publicznej.<\/p>\n<p>Mimo i\u017c zdarzenie mia\u0142o miejsce wczesnym rankiem, jeszcze po godzinie 15.00 trwa\u0142o prze\u0142adowywanie ocala\u0142ych butelek z piwem do podstawionego samochodu. Dopiero po tym pomoc drogowa mog\u0142a przyst\u0105pi\u0107 do podnoszenia pojazdu.<\/p>\n<div id='gallery-1' class='gallery galleryid-9393 gallery-columns-3 gallery-size-thumbnail'><figure class='gallery-item'>\n\t\t\t<div class='gallery-icon landscape'>\n\t\t\t\t<a href='https:\/\/ostrowskatv.pl\/?attachment_id=9395'><img loading=\"lazy\" decoding=\"async\" width=\"150\" height=\"150\" src=\"https:\/\/ostrowskatv.pl\/wp-content\/uploads\/2019\/05\/IMG_20190528_105251-01-150x150.jpeg\" class=\"attachment-thumbnail size-thumbnail\" alt=\"\" \/><\/a>\n\t\t\t<\/div><\/figure><figure class='gallery-item'>\n\t\t\t<div class='gallery-icon landscape'>\n\t\t\t\t<a href='https:\/\/ostrowskatv.pl\/?attachment_id=9396'><img loading=\"lazy\" decoding=\"async\" width=\"150\" height=\"150\" src=\"https:\/\/ostrowskatv.pl\/wp-content\/uploads\/2019\/05\/IMG_20190528_141107-01-150x150.jpeg\" class=\"attachment-thumbnail size-thumbnail\" alt=\"\" \/><\/a>\n\t\t\t<\/div><\/figure>\n\t\t<\/div>\n\n<p>&nbsp;<\/p>\n","protected":false},"excerpt":{"rendered":"Trudny okres nasta\u0142 dla mi\u0142o\u015bnik\u00f3w z\u0142ocistego trunku. Wczoraj pojawi\u0142a si\u0119 informacja o rozbitych butelkach przewo\u017conych w skrzynce w baga\u017cniku osob\u00f3wki. Dzi\u015b 38-letni Tomasz \n<a class=\"moretag\" href=\"https:\/\/ostrowskatv.pl\/?p=9393\"> [...]<\/a>","protected":false},"author":1,"featured_media":9396,"comment_status":"open","ping_status":"closed","sticky":false,"template":"","format":"standard","meta":{"footnotes":""},"categories":[1],"tags":[116],"class_list":["post-9393","post","type-post","status-publish","format-standard","has-post-thumbnail","hentry","category-news","tag-dk11"],"_links":{"self":[{"href":"https:\/\/ostrowskatv.pl\/index.php?rest_route=\/wp\/v2\/posts\/9393","targetHints":{"allow":["GET"]}}],"collection":[{"href":"https:\/\/ostrowskatv.pl\/index.php?rest_route=\/wp\/v2\/posts"}],"about":[{"href":"https:\/\/ostrowskatv.pl\/index.php?rest_route=\/wp\/v2\/types\/post"}],"author":[{"embeddable":true,"href":"https:\/\/ostrowskatv.pl\/index.php?rest_route=\/wp\/v2\/users\/1"}],"replies":[{"embeddable":true,"href":"https:\/\/ostrowskatv.pl\/index.php?rest_route=%2Fwp%2Fv2%2Fcomments&post=9393"}],"version-history":[{"count":0,"href":"https:\/\/ostrowskatv.pl\/index.php?rest_route=\/wp\/v2\/posts\/9393\/revisions"}],"wp:featuredmedia":[{"embeddable":true,"href":"https:\/\/ostrowskatv.pl\/index.php?rest_route=\/wp\/v2\/media\/9396"}],"wp:attachment":[{"href":"https:\/\/ostrowskatv.pl\/index.php?rest_route=%2Fwp%2Fv2%2Fmedia&parent=9393"}],"wp:term":[{"taxonomy":"category","embeddable":true,"href":"https:\/\/ostrowskatv.pl\/index.php?rest_route=%2Fwp%2Fv2%2Fcategories&post=9393"},{"taxonomy":"post_tag","embeddable":true,"href":"https:\/\/ostrowskatv.pl\/index.php?rest_route=%2Fwp%2Fv2%2Ftags&post=9393"}],"curies":[{"name":"wp","href":"https:\/\/api.w.org\/{rel}","templated":true}]}}