{"id":9363,"date":"2019-05-26T08:25:09","date_gmt":"2019-05-26T07:25:09","guid":{"rendered":"http:\/\/ostrowska.tv\/?p=9363"},"modified":"2019-05-26T08:27:22","modified_gmt":"2019-05-26T07:27:22","slug":"kobieta-ma-zmiazdzona-twarz-co-sie-wydarzylo-na-wroclawskiej","status":"publish","type":"post","link":"https:\/\/ostrowskatv.pl\/?p=9363","title":{"rendered":"Kobieta ma zmia\u017cd\u017con\u0105 twarz. Co si\u0119 wydarzy\u0142o na Wroc\u0142awskiej?"},"content":{"rendered":"<p><strong>Oko\u0142o godziny 4.00 nad ranem wezwano policj\u0119 i karetk\u0119 do jednego z blok\u00f3w przy ul. Wroc\u0142awskiej w Ostrowie Wlkp. Na miejscu ujrzano kobiet\u0119 w wieku 50-55 lat ze zmia\u017cd\u017con\u0105 twarzo-czaszk\u0105. W tym stanie natychmiast trafi\u0142a do ostrowskiego szpitala, sk\u0105d przetransportowano j\u0105 do szpitala w Kaliszu.<\/strong><\/p>\n<p>Ze wst\u0119pnych, nieoficjalnych ustale\u0144 wynika, \u017ce kobieta zosta\u0142a pobita przez koleg\u0119. Od s\u0105siad\u00f3w wiadomo, \u017ce w mieszkaniu cz\u0119sto dochodzi\u0142o do g\u0142o\u015bnych k\u0142\u00f3tni. Policja ustala co dok\u0142adnie wydarzy\u0142o si\u0119 w mieszkaniu. Podejrzane osoby zosta\u0142y zatrzymane i b\u0119d\u0105 przes\u0142uchane.<\/p>\n<p>W tym mieszkaniu mieszka m\u0119\u017cczyzna poruszaj\u0105cy si\u0119 na w\u00f3zku, a kobieta si\u0119 nim opiekowa\u0142a. Najprawdopodobniej w mieszkaniu by\u0142 kto\u015b jeszcze.<\/p>\n<div id='gallery-1' class='gallery galleryid-9363 gallery-columns-3 gallery-size-thumbnail'><figure class='gallery-item'>\n\t\t\t<div class='gallery-icon landscape'>\n\t\t\t\t<a href='https:\/\/ostrowskatv.pl\/?attachment_id=9365'><img loading=\"lazy\" decoding=\"async\" width=\"150\" height=\"150\" src=\"https:\/\/ostrowskatv.pl\/wp-content\/uploads\/2019\/05\/IMG_20190526_090203-150x150.jpg\" class=\"attachment-thumbnail size-thumbnail\" alt=\"\" \/><\/a>\n\t\t\t<\/div><\/figure><figure class='gallery-item'>\n\t\t\t<div class='gallery-icon landscape'>\n\t\t\t\t<a href='https:\/\/ostrowskatv.pl\/?attachment_id=9364'><img loading=\"lazy\" decoding=\"async\" width=\"150\" height=\"150\" src=\"https:\/\/ostrowskatv.pl\/wp-content\/uploads\/2019\/05\/IMG_20190526_090223-150x150.jpg\" class=\"attachment-thumbnail size-thumbnail\" alt=\"\" \/><\/a>\n\t\t\t<\/div><\/figure>\n\t\t<\/div>\n\n","protected":false},"excerpt":{"rendered":"Oko\u0142o godziny 4.00 nad ranem wezwano policj\u0119 i karetk\u0119 do jednego z blok\u00f3w przy ul. Wroc\u0142awskiej w Ostrowie Wlkp. Na miejscu ujrzano kobiet\u0119 \n<a class=\"moretag\" href=\"https:\/\/ostrowskatv.pl\/?p=9363\"> [...]<\/a>","protected":false},"author":1,"featured_media":9364,"comment_status":"open","ping_status":"closed","sticky":false,"template":"","format":"standard","meta":{"footnotes":""},"categories":[1],"tags":[2],"class_list":["post-9363","post","type-post","status-publish","format-standard","has-post-thumbnail","hentry","category-news","tag-ostrow-wielkopolski"],"_links":{"self":[{"href":"https:\/\/ostrowskatv.pl\/index.php?rest_route=\/wp\/v2\/posts\/9363","targetHints":{"allow":["GET"]}}],"collection":[{"href":"https:\/\/ostrowskatv.pl\/index.php?rest_route=\/wp\/v2\/posts"}],"about":[{"href":"https:\/\/ostrowskatv.pl\/index.php?rest_route=\/wp\/v2\/types\/post"}],"author":[{"embeddable":true,"href":"https:\/\/ostrowskatv.pl\/index.php?rest_route=\/wp\/v2\/users\/1"}],"replies":[{"embeddable":true,"href":"https:\/\/ostrowskatv.pl\/index.php?rest_route=%2Fwp%2Fv2%2Fcomments&post=9363"}],"version-history":[{"count":0,"href":"https:\/\/ostrowskatv.pl\/index.php?rest_route=\/wp\/v2\/posts\/9363\/revisions"}],"wp:featuredmedia":[{"embeddable":true,"href":"https:\/\/ostrowskatv.pl\/index.php?rest_route=\/wp\/v2\/media\/9364"}],"wp:attachment":[{"href":"https:\/\/ostrowskatv.pl\/index.php?rest_route=%2Fwp%2Fv2%2Fmedia&parent=9363"}],"wp:term":[{"taxonomy":"category","embeddable":true,"href":"https:\/\/ostrowskatv.pl\/index.php?rest_route=%2Fwp%2Fv2%2Fcategories&post=9363"},{"taxonomy":"post_tag","embeddable":true,"href":"https:\/\/ostrowskatv.pl\/index.php?rest_route=%2Fwp%2Fv2%2Ftags&post=9363"}],"curies":[{"name":"wp","href":"https:\/\/api.w.org\/{rel}","templated":true}]}}