{"id":936,"date":"2016-04-30T21:25:30","date_gmt":"2016-04-30T20:25:30","guid":{"rendered":"http:\/\/ostrowska.tv\/?p=936"},"modified":"2016-04-30T21:25:30","modified_gmt":"2016-04-30T20:25:30","slug":"motocyklista-z-urazem-nogi-wypadek-w-lamkach","status":"publish","type":"post","link":"https:\/\/ostrowskatv.pl\/?p=936","title":{"rendered":"Motocyklista z urazem nogi. Wypadek w Lamkach"},"content":{"rendered":"<p><strong>W sobot\u0119 gdy na drogach regionu roi\u0142o si\u0119 od motocyklist\u00f3w, korzystaj\u0105c z wybornej aury, dosz\u0142o do nieszcz\u0119\u015bliwego zdarzenia z jednym z nich. W Lamkach ucierpia\u0142 25-letni pasjonat jedno\u015blad\u00f3w, kt\u00f3ry na swojej maszynie marki Yamaha.<\/strong><\/p>\n<p>Gdy z g\u0142\u00f3wnej drogi skr\u0119ca\u0142 bia\u0142y bus, motocyklista postanowi\u0142 go wyprzedzi\u0107. Z podporz\u0105dkowanej wyje\u017cd\u017ca\u0142 jednak zielony Renault Scenic, w kt\u00f3rego naro\u017cnik uderzy\u0142a Yamaha. Motocyklista po zderzeniu dozna\u0142 urazu nogi. Jego motocykl r\u00f3wnie\u017c zanotowa\u0142 kilka wgniece\u0144 i przetar\u0107.<\/p>\n<p>25-latka zabrano do szpitala, natomiast kierowc\u0119 Renault Scenic uznano winnym spowodowania zdarzenia.<\/p>\n<div id='gallery-1' class='gallery galleryid-936 gallery-columns-3 gallery-size-thumbnail'><figure class='gallery-item'>\n\t\t\t<div class='gallery-icon landscape'>\n\t\t\t\t<a href='https:\/\/ostrowskatv.pl\/?attachment_id=937'><img loading=\"lazy\" decoding=\"async\" width=\"150\" height=\"150\" src=\"https:\/\/ostrowskatv.pl\/wp-content\/uploads\/2016\/04\/lamki-motocykl-01-150x150.jpg\" class=\"attachment-thumbnail size-thumbnail\" alt=\"\" \/><\/a>\n\t\t\t<\/div><\/figure><figure class='gallery-item'>\n\t\t\t<div class='gallery-icon landscape'>\n\t\t\t\t<a href='https:\/\/ostrowskatv.pl\/?attachment_id=938'><img loading=\"lazy\" decoding=\"async\" width=\"150\" height=\"150\" src=\"https:\/\/ostrowskatv.pl\/wp-content\/uploads\/2016\/04\/lamki-motocykl-02-150x150.jpg\" class=\"attachment-thumbnail size-thumbnail\" alt=\"\" \/><\/a>\n\t\t\t<\/div><\/figure><figure class='gallery-item'>\n\t\t\t<div class='gallery-icon landscape'>\n\t\t\t\t<a href='https:\/\/ostrowskatv.pl\/?attachment_id=939'><img loading=\"lazy\" decoding=\"async\" width=\"150\" height=\"150\" src=\"https:\/\/ostrowskatv.pl\/wp-content\/uploads\/2016\/04\/lamki-motocykl-03-150x150.jpg\" class=\"attachment-thumbnail size-thumbnail\" alt=\"\" \/><\/a>\n\t\t\t<\/div><\/figure><figure class='gallery-item'>\n\t\t\t<div class='gallery-icon landscape'>\n\t\t\t\t<a href='https:\/\/ostrowskatv.pl\/?attachment_id=940'><img loading=\"lazy\" decoding=\"async\" width=\"150\" height=\"150\" src=\"https:\/\/ostrowskatv.pl\/wp-content\/uploads\/2016\/04\/lamki-motocykl-04-150x150.jpg\" class=\"attachment-thumbnail size-thumbnail\" alt=\"\" \/><\/a>\n\t\t\t<\/div><\/figure>\n\t\t<\/div>\n\n<div style=\"width: 640px;\" class=\"wp-video\"><video class=\"wp-video-shortcode\" id=\"video-936-1\" width=\"640\" height=\"360\" preload=\"metadata\" controls=\"controls\"><source type=\"video\/mp4\" src=\"http:\/\/ostrowska.tv\/wp-content\/uploads\/2016\/04\/motocyklista-kamerka.mp4?_=1\" \/><a href=\"http:\/\/ostrowska.tv\/wp-content\/uploads\/2016\/04\/motocyklista-kamerka.mp4\">http:\/\/ostrowska.tv\/wp-content\/uploads\/2016\/04\/motocyklista-kamerka.mp4<\/a><\/video><\/div>\n","protected":false},"excerpt":{"rendered":"W sobot\u0119 gdy na drogach regionu roi\u0142o si\u0119 od motocyklist\u00f3w, korzystaj\u0105c z wybornej aury, dosz\u0142o do nieszcz\u0119\u015bliwego zdarzenia z jednym z nich. W \n<a class=\"moretag\" href=\"https:\/\/ostrowskatv.pl\/?p=936\"> [...]<\/a>","protected":false},"author":1,"featured_media":939,"comment_status":"open","ping_status":"open","sticky":false,"template":"","format":"standard","meta":{"footnotes":""},"categories":[1],"tags":[83],"class_list":["post-936","post","type-post","status-publish","format-standard","has-post-thumbnail","hentry","category-news","tag-lamki"],"_links":{"self":[{"href":"https:\/\/ostrowskatv.pl\/index.php?rest_route=\/wp\/v2\/posts\/936","targetHints":{"allow":["GET"]}}],"collection":[{"href":"https:\/\/ostrowskatv.pl\/index.php?rest_route=\/wp\/v2\/posts"}],"about":[{"href":"https:\/\/ostrowskatv.pl\/index.php?rest_route=\/wp\/v2\/types\/post"}],"author":[{"embeddable":true,"href":"https:\/\/ostrowskatv.pl\/index.php?rest_route=\/wp\/v2\/users\/1"}],"replies":[{"embeddable":true,"href":"https:\/\/ostrowskatv.pl\/index.php?rest_route=%2Fwp%2Fv2%2Fcomments&post=936"}],"version-history":[{"count":0,"href":"https:\/\/ostrowskatv.pl\/index.php?rest_route=\/wp\/v2\/posts\/936\/revisions"}],"wp:featuredmedia":[{"embeddable":true,"href":"https:\/\/ostrowskatv.pl\/index.php?rest_route=\/wp\/v2\/media\/939"}],"wp:attachment":[{"href":"https:\/\/ostrowskatv.pl\/index.php?rest_route=%2Fwp%2Fv2%2Fmedia&parent=936"}],"wp:term":[{"taxonomy":"category","embeddable":true,"href":"https:\/\/ostrowskatv.pl\/index.php?rest_route=%2Fwp%2Fv2%2Fcategories&post=936"},{"taxonomy":"post_tag","embeddable":true,"href":"https:\/\/ostrowskatv.pl\/index.php?rest_route=%2Fwp%2Fv2%2Ftags&post=936"}],"curies":[{"name":"wp","href":"https:\/\/api.w.org\/{rel}","templated":true}]}}