{"id":9349,"date":"2019-05-25T03:45:10","date_gmt":"2019-05-25T02:45:10","guid":{"rendered":"http:\/\/ostrowska.tv\/?p=9349"},"modified":"2019-05-25T12:49:33","modified_gmt":"2019-05-25T11:49:33","slug":"uderzyl-w-slup-przy-firmie-correct","status":"publish","type":"post","link":"https:\/\/ostrowskatv.pl\/?p=9349","title":{"rendered":"Audi uderzy\u0142o w s\u0142up przy firmie Correct"},"content":{"rendered":"<p><strong>Przed godz. 4.00 osobowe Audi uderzy\u0142o w s\u0142up energetyczny. Do zdarzenia dosz\u0142o na drodze szutrowej idacej wzd\u0142u\u017c tor\u00f3w kolejowych przy firmie Correct w Oci\u0105\u017cu. Kierowca oddali\u0142 si\u0119 z miejsca zdarzenia.<\/strong><\/p>\n<p>Na miejsce zadysponowano dwa wozy stra\u017cy po\u017carnej z Ostrowa Wlkp. oraz dwa wozy z OSP Skalmierzyce. S\u0142up energetyczny zosta\u0142 uszkodzony na wysoko\u015bci 6-7 metr\u00f3w. Audi uderzy\u0142o w niego pod\u0142og\u0105 u podstawy.<\/p>\n<p>Stra\u017cacy przeczesywali okolicznych teren w poszukiwaniu osoby mog\u0105cej jecha\u0107 autem zarejestrowanym w Kaliszu.<\/p>\n<div id='gallery-1' class='gallery galleryid-9349 gallery-columns-3 gallery-size-thumbnail'><figure class='gallery-item'>\n\t\t\t<div class='gallery-icon landscape'>\n\t\t\t\t<a href='https:\/\/ostrowskatv.pl\/?attachment_id=9352'><img loading=\"lazy\" decoding=\"async\" width=\"150\" height=\"150\" src=\"https:\/\/ostrowskatv.pl\/wp-content\/uploads\/2019\/05\/IMG_20190525_042216-01-150x150.jpeg\" class=\"attachment-thumbnail size-thumbnail\" alt=\"\" \/><\/a>\n\t\t\t<\/div><\/figure><figure class='gallery-item'>\n\t\t\t<div class='gallery-icon landscape'>\n\t\t\t\t<a href='https:\/\/ostrowskatv.pl\/?attachment_id=9353'><img loading=\"lazy\" decoding=\"async\" width=\"150\" height=\"150\" src=\"https:\/\/ostrowskatv.pl\/wp-content\/uploads\/2019\/05\/IMG_20190525_042006-01-150x150.jpeg\" class=\"attachment-thumbnail size-thumbnail\" alt=\"\" \/><\/a>\n\t\t\t<\/div><\/figure><figure class='gallery-item'>\n\t\t\t<div class='gallery-icon landscape'>\n\t\t\t\t<a href='https:\/\/ostrowskatv.pl\/?attachment_id=9354'><img loading=\"lazy\" decoding=\"async\" width=\"150\" height=\"150\" src=\"https:\/\/ostrowskatv.pl\/wp-content\/uploads\/2019\/05\/IMG_20190525_041859-01-150x150.jpeg\" class=\"attachment-thumbnail size-thumbnail\" alt=\"\" \/><\/a>\n\t\t\t<\/div><\/figure><figure class='gallery-item'>\n\t\t\t<div class='gallery-icon landscape'>\n\t\t\t\t<a href='https:\/\/ostrowskatv.pl\/?attachment_id=9355'><img loading=\"lazy\" decoding=\"async\" width=\"150\" height=\"150\" src=\"https:\/\/ostrowskatv.pl\/wp-content\/uploads\/2019\/05\/IMG_20190525_041749-01-150x150.jpeg\" class=\"attachment-thumbnail size-thumbnail\" alt=\"\" \/><\/a>\n\t\t\t<\/div><\/figure><figure class='gallery-item'>\n\t\t\t<div class='gallery-icon landscape'>\n\t\t\t\t<a href='https:\/\/ostrowskatv.pl\/?attachment_id=9356'><img loading=\"lazy\" decoding=\"async\" width=\"150\" height=\"150\" src=\"https:\/\/ostrowskatv.pl\/wp-content\/uploads\/2019\/05\/IMG_20190525_042319-01-150x150.jpeg\" class=\"attachment-thumbnail size-thumbnail\" alt=\"\" \/><\/a>\n\t\t\t<\/div><\/figure>\n\t\t<\/div>\n\n","protected":false},"excerpt":{"rendered":"Przed godz. 4.00 osobowe Audi uderzy\u0142o w s\u0142up energetyczny. Do zdarzenia dosz\u0142o na drodze szutrowej idacej wzd\u0142u\u017c tor\u00f3w kolejowych przy firmie Correct w \n<a class=\"moretag\" href=\"https:\/\/ostrowskatv.pl\/?p=9349\"> [...]<\/a>","protected":false},"author":1,"featured_media":9350,"comment_status":"open","ping_status":"closed","sticky":false,"template":"","format":"standard","meta":{"footnotes":""},"categories":[1],"tags":[59],"class_list":["post-9349","post","type-post","status-publish","format-standard","has-post-thumbnail","hentry","category-news","tag-ociaz"],"_links":{"self":[{"href":"https:\/\/ostrowskatv.pl\/index.php?rest_route=\/wp\/v2\/posts\/9349","targetHints":{"allow":["GET"]}}],"collection":[{"href":"https:\/\/ostrowskatv.pl\/index.php?rest_route=\/wp\/v2\/posts"}],"about":[{"href":"https:\/\/ostrowskatv.pl\/index.php?rest_route=\/wp\/v2\/types\/post"}],"author":[{"embeddable":true,"href":"https:\/\/ostrowskatv.pl\/index.php?rest_route=\/wp\/v2\/users\/1"}],"replies":[{"embeddable":true,"href":"https:\/\/ostrowskatv.pl\/index.php?rest_route=%2Fwp%2Fv2%2Fcomments&post=9349"}],"version-history":[{"count":0,"href":"https:\/\/ostrowskatv.pl\/index.php?rest_route=\/wp\/v2\/posts\/9349\/revisions"}],"wp:featuredmedia":[{"embeddable":true,"href":"https:\/\/ostrowskatv.pl\/index.php?rest_route=\/wp\/v2\/media\/9350"}],"wp:attachment":[{"href":"https:\/\/ostrowskatv.pl\/index.php?rest_route=%2Fwp%2Fv2%2Fmedia&parent=9349"}],"wp:term":[{"taxonomy":"category","embeddable":true,"href":"https:\/\/ostrowskatv.pl\/index.php?rest_route=%2Fwp%2Fv2%2Fcategories&post=9349"},{"taxonomy":"post_tag","embeddable":true,"href":"https:\/\/ostrowskatv.pl\/index.php?rest_route=%2Fwp%2Fv2%2Ftags&post=9349"}],"curies":[{"name":"wp","href":"https:\/\/api.w.org\/{rel}","templated":true}]}}