{"id":9338,"date":"2019-05-24T09:14:18","date_gmt":"2019-05-24T08:14:18","guid":{"rendered":"http:\/\/ostrowska.tv\/?p=9338"},"modified":"2019-05-24T09:14:18","modified_gmt":"2019-05-24T08:14:18","slug":"13-letni-rowerzysta-potracony-na-skorupki","status":"publish","type":"post","link":"https:\/\/ostrowskatv.pl\/?p=9338","title":{"rendered":"13-letni rowerzysta potr\u0105cony na Skorupki"},"content":{"rendered":"<p><strong>13-letni rowerzysta jad\u0105c do szko\u0142y nie ust\u0105pi\u0142 pierwsze\u0144stwa samochodowi i wjecha\u0142 w jego bok. Do zdarzenia dosz\u0142o w pi\u0105tek o godzinie 8.00 na skrzy\u017cowaniu ulic Skorupki i Pr\u0105dzy\u0144skiego w Ostrowie Wlkp. M\u0142ody rowerzysta urwa\u0142 lusterko w osob\u00f3wce.<\/strong><\/p>\n<p>Na miejsce wezwano karetk\u0119. Na szcz\u0119\u015bcie 13-latek wszed\u0142 do niej o w\u0142asnych si\u0142ach, co pozwala przypuszcza\u0107, \u017ce nie odni\u00f3s\u0142 powa\u017cniejszych obra\u017ce\u0144.<\/p>\n<div id='gallery-1' class='gallery galleryid-9338 gallery-columns-3 gallery-size-thumbnail'><figure class='gallery-item'>\n\t\t\t<div class='gallery-icon landscape'>\n\t\t\t\t<a href='https:\/\/ostrowskatv.pl\/?attachment_id=9336'><img loading=\"lazy\" decoding=\"async\" width=\"150\" height=\"150\" src=\"https:\/\/ostrowskatv.pl\/wp-content\/uploads\/2019\/05\/IMG_20190524_080927-150x150.jpg\" class=\"attachment-thumbnail size-thumbnail\" alt=\"\" \/><\/a>\n\t\t\t<\/div><\/figure><figure class='gallery-item'>\n\t\t\t<div class='gallery-icon landscape'>\n\t\t\t\t<a href='https:\/\/ostrowskatv.pl\/?attachment_id=9335'><img loading=\"lazy\" decoding=\"async\" width=\"150\" height=\"150\" src=\"https:\/\/ostrowskatv.pl\/wp-content\/uploads\/2019\/05\/IMG_20190524_080858-150x150.jpg\" class=\"attachment-thumbnail size-thumbnail\" alt=\"\" \/><\/a>\n\t\t\t<\/div><\/figure><figure class='gallery-item'>\n\t\t\t<div class='gallery-icon landscape'>\n\t\t\t\t<a href='https:\/\/ostrowskatv.pl\/?attachment_id=9337'><img loading=\"lazy\" decoding=\"async\" width=\"150\" height=\"150\" src=\"https:\/\/ostrowskatv.pl\/wp-content\/uploads\/2019\/05\/IMG_20190524_080958-150x150.jpg\" class=\"attachment-thumbnail size-thumbnail\" alt=\"\" \/><\/a>\n\t\t\t<\/div><\/figure>\n\t\t<\/div>\n\n<p>&nbsp;<\/p>\n","protected":false},"excerpt":{"rendered":"13-letni rowerzysta jad\u0105c do szko\u0142y nie ust\u0105pi\u0142 pierwsze\u0144stwa samochodowi i wjecha\u0142 w jego bok. Do zdarzenia dosz\u0142o w pi\u0105tek o godzinie 8.00 na \n<a class=\"moretag\" href=\"https:\/\/ostrowskatv.pl\/?p=9338\"> [...]<\/a>","protected":false},"author":1,"featured_media":9336,"comment_status":"open","ping_status":"closed","sticky":false,"template":"","format":"standard","meta":{"footnotes":""},"categories":[1],"tags":[2],"class_list":["post-9338","post","type-post","status-publish","format-standard","has-post-thumbnail","hentry","category-news","tag-ostrow-wielkopolski"],"_links":{"self":[{"href":"https:\/\/ostrowskatv.pl\/index.php?rest_route=\/wp\/v2\/posts\/9338","targetHints":{"allow":["GET"]}}],"collection":[{"href":"https:\/\/ostrowskatv.pl\/index.php?rest_route=\/wp\/v2\/posts"}],"about":[{"href":"https:\/\/ostrowskatv.pl\/index.php?rest_route=\/wp\/v2\/types\/post"}],"author":[{"embeddable":true,"href":"https:\/\/ostrowskatv.pl\/index.php?rest_route=\/wp\/v2\/users\/1"}],"replies":[{"embeddable":true,"href":"https:\/\/ostrowskatv.pl\/index.php?rest_route=%2Fwp%2Fv2%2Fcomments&post=9338"}],"version-history":[{"count":0,"href":"https:\/\/ostrowskatv.pl\/index.php?rest_route=\/wp\/v2\/posts\/9338\/revisions"}],"wp:featuredmedia":[{"embeddable":true,"href":"https:\/\/ostrowskatv.pl\/index.php?rest_route=\/wp\/v2\/media\/9336"}],"wp:attachment":[{"href":"https:\/\/ostrowskatv.pl\/index.php?rest_route=%2Fwp%2Fv2%2Fmedia&parent=9338"}],"wp:term":[{"taxonomy":"category","embeddable":true,"href":"https:\/\/ostrowskatv.pl\/index.php?rest_route=%2Fwp%2Fv2%2Fcategories&post=9338"},{"taxonomy":"post_tag","embeddable":true,"href":"https:\/\/ostrowskatv.pl\/index.php?rest_route=%2Fwp%2Fv2%2Ftags&post=9338"}],"curies":[{"name":"wp","href":"https:\/\/api.w.org\/{rel}","templated":true}]}}