{"id":9326,"date":"2019-05-23T18:43:03","date_gmt":"2019-05-23T17:43:03","guid":{"rendered":"http:\/\/ostrowska.tv\/?p=9326"},"modified":"2019-05-23T18:43:03","modified_gmt":"2019-05-23T17:43:03","slug":"akcja-powodz-na-piaskach-bylo-14-zastepow-strazy-pozarnej","status":"publish","type":"post","link":"https:\/\/ostrowskatv.pl\/?p=9326","title":{"rendered":"Akcja Pow\u00f3d\u017a na Piaskach. By\u0142o 14 zast\u0119p\u00f3w stra\u017cy po\u017carnej"},"content":{"rendered":"<div class=\"_4u-c _1wfr _9hq\">\n<div class=\"_5f0v uiScrollableArea fade contentBefore\" tabindex=\"0\">\n<div id=\"js_zi\" class=\"uiScrollableAreaWrap scrollable\">\n<div class=\"uiScrollableAreaBody\">\n<div class=\"uiScrollableAreaContent\">\n<div class=\"__i_\" role=\"region\" aria-label=\"Wiadomo\u015bci\">\n<div id=\"js_2\">\n<div>\n<div class=\"_1t_p clearfix\">\n<div class=\"_41ud\">\n<div class=\"clearfix _o46 _3erg _3i_m _nd_ direction_ltr text_align_ltr\">\n<div id=\"js_109\" class=\"_3058 _ui9 _hh7 _6ybn _s1- _52mr _43by _3oh-\" data-tooltip-content=\"19:22\" data-hover=\"tooltip\" data-tooltip-position=\"right\">\n<div class=\"_aok\" tabindex=\"0\" aria-label=\"Dzisiaj o godzinie 16.30 zorganizowano du\u017ce \u0107wiczenia pn. Pow\u00f3d\u017a 2019. Organizatorem by\u0142a Komenda Wojew\u00f3dzka Stra\u017cy Po\u017carnej w Poznaniu. W dzia\u0142aniach wzi\u0119\u0142o udzia\u0142 14 zast\u0119p\u00f3w ochotniczych i Pa\u0144stwowej Stra\u017cy Po\u017carnej z 3 powiat\u00f3w. Wed\u0142ug scenariusza nale\u017ca\u0142o podnie\u015b\u0107 koron\u0119 wa\u0142u przeciwpowodziowe go za pomoc\u0105 specjalnych r\u0119kaw\u00f3w. Drugim zadaniem by\u0142o wypompowanie 10 metr\u00f3w sze\u015bciennych wody. Trzecie zadanie obejmowa\u0142o ewakuacj\u0119 mieszka\u0144c\u00f3w za pomoc\u0105 \u0142odzi. Przedstawiciel KWP w Poznaniu oceni\u0142 pozytywnie przebieg \u0107wicze\u0144 i twierdzi, \u017ce nie maj\u0105 one zwi\u0105zku z powodziami, kt\u00f3re w ci\u0105gu ostatnich kilkudziesi\u0119ciu godzin nawiedzi\u0142y r\u00f3\u017cne regiony Polski.\"><span class=\"_3oh- _58nk\"><strong>Dzisiaj o godzinie 16.30 zorganizowano du\u017ce \u0107wiczenia pn. Pow\u00f3d\u017a 2019. Organizatorem by\u0142a Komenda Wojew\u00f3dzka Stra\u017cy Po\u017carnej w Poznaniu. W dzia\u0142aniach wzi\u0119\u0142o udzia\u0142 14 zast\u0119p\u00f3w ochotniczych i Pa\u0144stwowej Stra\u017cy Po\u017carnej z 3 powiat\u00f3w. Wed\u0142ug scenariusza nale\u017ca\u0142o podnie\u015b\u0107 koron\u0119 wa\u0142u przeciwpowodziowe go za pomoc\u0105 specjalnych r\u0119kaw\u00f3w. Drugim zadaniem by\u0142o wypompowanie 10 metr\u00f3w sze\u015bciennych wody. Trzecie zadanie obejmowa\u0142o ewakuacj\u0119 mieszka\u0144c\u00f3w za pomoc\u0105 \u0142odzi.<\/strong><\/span><\/div>\n<div tabindex=\"0\" aria-label=\"Dzisiaj o godzinie 16.30 zorganizowano du\u017ce \u0107wiczenia pn. Pow\u00f3d\u017a 2019. Organizatorem by\u0142a Komenda Wojew\u00f3dzka Stra\u017cy Po\u017carnej w Poznaniu. W dzia\u0142aniach wzi\u0119\u0142o udzia\u0142 14 zast\u0119p\u00f3w ochotniczych i Pa\u0144stwowej Stra\u017cy Po\u017carnej z 3 powiat\u00f3w. Wed\u0142ug scenariusza nale\u017ca\u0142o podnie\u015b\u0107 koron\u0119 wa\u0142u przeciwpowodziowe go za pomoc\u0105 specjalnych r\u0119kaw\u00f3w. Drugim zadaniem by\u0142o wypompowanie 10 metr\u00f3w sze\u015bciennych wody. Trzecie zadanie obejmowa\u0142o ewakuacj\u0119 mieszka\u0144c\u00f3w za pomoc\u0105 \u0142odzi. Przedstawiciel KWP w Poznaniu oceni\u0142 pozytywnie przebieg \u0107wicze\u0144 i twierdzi, \u017ce nie maj\u0105 one zwi\u0105zku z powodziami, kt\u00f3re w ci\u0105gu ostatnich kilkudziesi\u0119ciu godzin nawiedzi\u0142y r\u00f3\u017cne regiony Polski.\"><\/div>\n<div class=\"_aok\" tabindex=\"0\" aria-label=\"Dzisiaj o godzinie 16.30 zorganizowano du\u017ce \u0107wiczenia pn. Pow\u00f3d\u017a 2019. Organizatorem by\u0142a Komenda Wojew\u00f3dzka Stra\u017cy Po\u017carnej w Poznaniu. W dzia\u0142aniach wzi\u0119\u0142o udzia\u0142 14 zast\u0119p\u00f3w ochotniczych i Pa\u0144stwowej Stra\u017cy Po\u017carnej z 3 powiat\u00f3w. Wed\u0142ug scenariusza nale\u017ca\u0142o podnie\u015b\u0107 koron\u0119 wa\u0142u przeciwpowodziowe go za pomoc\u0105 specjalnych r\u0119kaw\u00f3w. Drugim zadaniem by\u0142o wypompowanie 10 metr\u00f3w sze\u015bciennych wody. Trzecie zadanie obejmowa\u0142o ewakuacj\u0119 mieszka\u0144c\u00f3w za pomoc\u0105 \u0142odzi. Przedstawiciel KWP w Poznaniu oceni\u0142 pozytywnie przebieg \u0107wicze\u0144 i twierdzi, \u017ce nie maj\u0105 one zwi\u0105zku z powodziami, kt\u00f3re w ci\u0105gu ostatnich kilkudziesi\u0119ciu godzin nawiedzi\u0142y r\u00f3\u017cne regiony Polski.\"><span class=\"_3oh- _58nk\">Przedstawiciel KWP w Poznaniu oceni\u0142 pozytywnie przebieg \u0107wicze\u0144 i twierdzi, \u017ce nie maj\u0105 one zwi\u0105zku z powodziami, kt\u00f3re w ci\u0105gu ostatnich kilkudziesi\u0119ciu godzin nawiedzi\u0142y r\u00f3\u017cne regiony Polski.<\/span><\/div>\n<\/div>\n<\/div>\n<\/div>\n<\/div>\n<div tabindex=\"0\" aria-label=\"Dzisiaj o godzinie 16.30 zorganizowano du\u017ce \u0107wiczenia pn. Pow\u00f3d\u017a 2019. Organizatorem by\u0142a Komenda Wojew\u00f3dzka Stra\u017cy Po\u017carnej w Poznaniu. W dzia\u0142aniach wzi\u0119\u0142o udzia\u0142 14 zast\u0119p\u00f3w ochotniczych i Pa\u0144stwowej Stra\u017cy Po\u017carnej z 3 powiat\u00f3w. Wed\u0142ug scenariusza nale\u017ca\u0142o podnie\u015b\u0107 koron\u0119 wa\u0142u przeciwpowodziowe go za pomoc\u0105 specjalnych r\u0119kaw\u00f3w. Drugim zadaniem by\u0142o wypompowanie 10 metr\u00f3w sze\u015bciennych wody. Trzecie zadanie obejmowa\u0142o ewakuacj\u0119 mieszka\u0144c\u00f3w za pomoc\u0105 \u0142odzi. Przedstawiciel KWP w Poznaniu oceni\u0142 pozytywnie przebieg \u0107wicze\u0144 i twierdzi, \u017ce nie maj\u0105 one zwi\u0105zku z powodziami, kt\u00f3re w ci\u0105gu ostatnich kilkudziesi\u0119ciu godzin nawiedzi\u0142y r\u00f3\u017cne regiony Polski.\"><\/div>\n<div class=\"_1t_p clearfix\">\n<div class=\"_41ud\">\n<div class=\"clearfix _o46 _3erg _3i_m _nd_ direction_ltr text_align_ltr\">\n<div id=\"js_109\" class=\"_3058 _ui9 _hh7 _6ybn _s1- _52mr _43by _3oh-\" data-tooltip-content=\"19:22\" data-hover=\"tooltip\" data-tooltip-position=\"right\">\n<div tabindex=\"0\" aria-label=\"Dzisiaj o godzinie 16.30 zorganizowano du\u017ce \u0107wiczenia pn. Pow\u00f3d\u017a 2019. Organizatorem by\u0142a Komenda Wojew\u00f3dzka Stra\u017cy Po\u017carnej w Poznaniu. W dzia\u0142aniach wzi\u0119\u0142o udzia\u0142 14 zast\u0119p\u00f3w ochotniczych i Pa\u0144stwowej Stra\u017cy Po\u017carnej z 3 powiat\u00f3w. Wed\u0142ug scenariusza nale\u017ca\u0142o podnie\u015b\u0107 koron\u0119 wa\u0142u przeciwpowodziowe go za pomoc\u0105 specjalnych r\u0119kaw\u00f3w. Drugim zadaniem by\u0142o wypompowanie 10 metr\u00f3w sze\u015bciennych wody. Trzecie zadanie obejmowa\u0142o ewakuacj\u0119 mieszka\u0144c\u00f3w za pomoc\u0105 \u0142odzi. Przedstawiciel KWP w Poznaniu oceni\u0142 pozytywnie przebieg \u0107wicze\u0144 i twierdzi, \u017ce nie maj\u0105 one zwi\u0105zku z powodziami, kt\u00f3re w ci\u0105gu ostatnich kilkudziesi\u0119ciu godzin nawiedzi\u0142y r\u00f3\u017cne regiony Polski.\">\n<div id='gallery-1' class='gallery galleryid-9326 gallery-columns-3 gallery-size-thumbnail'><figure class='gallery-item'>\n\t\t\t<div class='gallery-icon landscape'>\n\t\t\t\t<a href='https:\/\/ostrowskatv.pl\/?attachment_id=9327'><img loading=\"lazy\" decoding=\"async\" width=\"150\" height=\"150\" src=\"https:\/\/ostrowskatv.pl\/wp-content\/uploads\/2019\/05\/straz_piaski_07-150x150.jpg\" class=\"attachment-thumbnail size-thumbnail\" alt=\"\" \/><\/a>\n\t\t\t<\/div><\/figure><figure class='gallery-item'>\n\t\t\t<div class='gallery-icon landscape'>\n\t\t\t\t<a href='https:\/\/ostrowskatv.pl\/?attachment_id=9328'><img loading=\"lazy\" decoding=\"async\" width=\"150\" height=\"150\" src=\"https:\/\/ostrowskatv.pl\/wp-content\/uploads\/2019\/05\/straz_piaski_06-150x150.jpg\" class=\"attachment-thumbnail size-thumbnail\" alt=\"\" \/><\/a>\n\t\t\t<\/div><\/figure><figure class='gallery-item'>\n\t\t\t<div class='gallery-icon landscape'>\n\t\t\t\t<a href='https:\/\/ostrowskatv.pl\/?attachment_id=9329'><img loading=\"lazy\" decoding=\"async\" width=\"150\" height=\"150\" src=\"https:\/\/ostrowskatv.pl\/wp-content\/uploads\/2019\/05\/straz_piaski_05-150x150.jpg\" class=\"attachment-thumbnail size-thumbnail\" alt=\"\" \/><\/a>\n\t\t\t<\/div><\/figure><figure class='gallery-item'>\n\t\t\t<div class='gallery-icon landscape'>\n\t\t\t\t<a href='https:\/\/ostrowskatv.pl\/?attachment_id=9330'><img loading=\"lazy\" decoding=\"async\" width=\"150\" height=\"150\" src=\"https:\/\/ostrowskatv.pl\/wp-content\/uploads\/2019\/05\/straz_piaski_04-150x150.jpg\" class=\"attachment-thumbnail size-thumbnail\" alt=\"\" \/><\/a>\n\t\t\t<\/div><\/figure><figure class='gallery-item'>\n\t\t\t<div class='gallery-icon landscape'>\n\t\t\t\t<a href='https:\/\/ostrowskatv.pl\/?attachment_id=9331'><img loading=\"lazy\" decoding=\"async\" width=\"150\" height=\"150\" src=\"https:\/\/ostrowskatv.pl\/wp-content\/uploads\/2019\/05\/straz_piaski_03-150x150.jpg\" class=\"attachment-thumbnail size-thumbnail\" alt=\"\" \/><\/a>\n\t\t\t<\/div><\/figure><figure class='gallery-item'>\n\t\t\t<div class='gallery-icon landscape'>\n\t\t\t\t<a href='https:\/\/ostrowskatv.pl\/?attachment_id=9332'><img loading=\"lazy\" decoding=\"async\" width=\"150\" height=\"150\" src=\"https:\/\/ostrowskatv.pl\/wp-content\/uploads\/2019\/05\/straz_piaski_02-150x150.jpg\" class=\"attachment-thumbnail size-thumbnail\" alt=\"\" \/><\/a>\n\t\t\t<\/div><\/figure><figure class='gallery-item'>\n\t\t\t<div class='gallery-icon landscape'>\n\t\t\t\t<a href='https:\/\/ostrowskatv.pl\/?attachment_id=9333'><img loading=\"lazy\" decoding=\"async\" width=\"150\" height=\"150\" src=\"https:\/\/ostrowskatv.pl\/wp-content\/uploads\/2019\/05\/straz_piaski_01-150x150.jpg\" class=\"attachment-thumbnail size-thumbnail\" alt=\"\" \/><\/a>\n\t\t\t<\/div><\/figure>\n\t\t<\/div>\n\n<\/div>\n<\/div>\n<\/div>\n<\/div>\n<\/div>\n<\/div>\n<\/div>\n<\/div>\n<\/div>\n<\/div>\n<\/div>\n<\/div>\n<\/div>\n","protected":false},"excerpt":{"rendered":"Dzisiaj o godzinie 16.30 zorganizowano du\u017ce \u0107wiczenia pn. Pow\u00f3d\u017a 2019. Organizatorem by\u0142a Komenda Wojew\u00f3dzka Stra\u017cy Po\u017carnej w Poznaniu. W dzia\u0142aniach wzi\u0119\u0142o udzia\u0142 14 \n<a class=\"moretag\" href=\"https:\/\/ostrowskatv.pl\/?p=9326\"> [...]<\/a>","protected":false},"author":1,"featured_media":9329,"comment_status":"open","ping_status":"closed","sticky":false,"template":"","format":"standard","meta":{"footnotes":""},"categories":[1],"tags":[2],"class_list":["post-9326","post","type-post","status-publish","format-standard","has-post-thumbnail","hentry","category-news","tag-ostrow-wielkopolski"],"_links":{"self":[{"href":"https:\/\/ostrowskatv.pl\/index.php?rest_route=\/wp\/v2\/posts\/9326","targetHints":{"allow":["GET"]}}],"collection":[{"href":"https:\/\/ostrowskatv.pl\/index.php?rest_route=\/wp\/v2\/posts"}],"about":[{"href":"https:\/\/ostrowskatv.pl\/index.php?rest_route=\/wp\/v2\/types\/post"}],"author":[{"embeddable":true,"href":"https:\/\/ostrowskatv.pl\/index.php?rest_route=\/wp\/v2\/users\/1"}],"replies":[{"embeddable":true,"href":"https:\/\/ostrowskatv.pl\/index.php?rest_route=%2Fwp%2Fv2%2Fcomments&post=9326"}],"version-history":[{"count":0,"href":"https:\/\/ostrowskatv.pl\/index.php?rest_route=\/wp\/v2\/posts\/9326\/revisions"}],"wp:featuredmedia":[{"embeddable":true,"href":"https:\/\/ostrowskatv.pl\/index.php?rest_route=\/wp\/v2\/media\/9329"}],"wp:attachment":[{"href":"https:\/\/ostrowskatv.pl\/index.php?rest_route=%2Fwp%2Fv2%2Fmedia&parent=9326"}],"wp:term":[{"taxonomy":"category","embeddable":true,"href":"https:\/\/ostrowskatv.pl\/index.php?rest_route=%2Fwp%2Fv2%2Fcategories&post=9326"},{"taxonomy":"post_tag","embeddable":true,"href":"https:\/\/ostrowskatv.pl\/index.php?rest_route=%2Fwp%2Fv2%2Ftags&post=9326"}],"curies":[{"name":"wp","href":"https:\/\/api.w.org\/{rel}","templated":true}]}}