{"id":932,"date":"2016-04-29T20:23:58","date_gmt":"2016-04-29T19:23:58","guid":{"rendered":"http:\/\/ostrowska.tv\/?p=932"},"modified":"2016-04-29T20:25:24","modified_gmt":"2016-04-29T19:25:24","slug":"25-minut-ciekawostek-z-tz-ostrovii","status":"publish","type":"post","link":"https:\/\/ostrowskatv.pl\/?p=932","title":{"rendered":"25 minut ciekawostek z T\u017b Ostrovii"},"content":{"rendered":"<p><strong>Dzia\u0142acze nowego klubu \u017cu\u017clowego T\u017b Ostrovia zorganizowali w pi\u0105tek konferencj\u0119, na kt\u00f3rej przedstawili pierwsz\u0105 seri\u0119 zawodnik\u00f3w zakontraktowanych na XIX Memoria\u0142 Rifa Saitgariejewa. S\u0105 nimi: Martin Vaculik, Patryk Dudek, Denis Gizatulin, Grzegorz Walasek,  Renat Gafurow. Poza tym przedstawili nowy herb klubu, ale zaznaczyli, \u017ce b\u0119dzie on jeszcze doszlifowany. Prezes zdradzi\u0142 finansowe kulisy organizacji Memoria\u0142u oraz odkry\u0142 szereg innych kart. Ka\u017cdy kibic powinien wys\u0142ucha\u0107 konferencji w ca\u0142o\u015bci.<\/strong><\/p>\n<p>{openx:1}<\/p>\n<p><iframe loading=\"lazy\" width=\"640\" height=\"360\" src=\"https:\/\/www.youtube.com\/embed\/Eg-xg3hGs4o\" frameborder=\"0\" allowfullscreen><\/iframe><\/p>\n","protected":false},"excerpt":{"rendered":"Dzia\u0142acze nowego klubu \u017cu\u017clowego T\u017b Ostrovia zorganizowali w pi\u0105tek konferencj\u0119, na kt\u00f3rej przedstawili pierwsz\u0105 seri\u0119 zawodnik\u00f3w zakontraktowanych na XIX Memoria\u0142 Rifa Saitgariejewa. S\u0105 \n<a class=\"moretag\" href=\"https:\/\/ostrowskatv.pl\/?p=932\"> [...]<\/a>","protected":false},"author":1,"featured_media":933,"comment_status":"open","ping_status":"open","sticky":false,"template":"","format":"standard","meta":{"footnotes":""},"categories":[1],"tags":[2],"class_list":["post-932","post","type-post","status-publish","format-standard","has-post-thumbnail","hentry","category-news","tag-ostrow-wielkopolski"],"_links":{"self":[{"href":"https:\/\/ostrowskatv.pl\/index.php?rest_route=\/wp\/v2\/posts\/932","targetHints":{"allow":["GET"]}}],"collection":[{"href":"https:\/\/ostrowskatv.pl\/index.php?rest_route=\/wp\/v2\/posts"}],"about":[{"href":"https:\/\/ostrowskatv.pl\/index.php?rest_route=\/wp\/v2\/types\/post"}],"author":[{"embeddable":true,"href":"https:\/\/ostrowskatv.pl\/index.php?rest_route=\/wp\/v2\/users\/1"}],"replies":[{"embeddable":true,"href":"https:\/\/ostrowskatv.pl\/index.php?rest_route=%2Fwp%2Fv2%2Fcomments&post=932"}],"version-history":[{"count":0,"href":"https:\/\/ostrowskatv.pl\/index.php?rest_route=\/wp\/v2\/posts\/932\/revisions"}],"wp:featuredmedia":[{"embeddable":true,"href":"https:\/\/ostrowskatv.pl\/index.php?rest_route=\/wp\/v2\/media\/933"}],"wp:attachment":[{"href":"https:\/\/ostrowskatv.pl\/index.php?rest_route=%2Fwp%2Fv2%2Fmedia&parent=932"}],"wp:term":[{"taxonomy":"category","embeddable":true,"href":"https:\/\/ostrowskatv.pl\/index.php?rest_route=%2Fwp%2Fv2%2Fcategories&post=932"},{"taxonomy":"post_tag","embeddable":true,"href":"https:\/\/ostrowskatv.pl\/index.php?rest_route=%2Fwp%2Fv2%2Ftags&post=932"}],"curies":[{"name":"wp","href":"https:\/\/api.w.org\/{rel}","templated":true}]}}