{"id":9294,"date":"2019-05-20T05:44:09","date_gmt":"2019-05-20T04:44:09","guid":{"rendered":"http:\/\/ostrowska.tv\/?p=9294"},"modified":"2019-05-20T05:44:54","modified_gmt":"2019-05-20T04:44:54","slug":"kobieta-uwieziona-na-staryma-cmentarzu","status":"publish","type":"post","link":"https:\/\/ostrowskatv.pl\/?p=9294","title":{"rendered":"Kobieta uwi\u0119ziona na staryma cmentarzu"},"content":{"rendered":"<p><strong>Pani Adrianna niedziel\u0119 sp\u0119dzi\u0142a niedziel\u0119 w Parku Miejskim, gdzie odbywa\u0142 si\u0119 festyn. Po nim postanowi\u0142a odwiedzi\u0107 gr\u00f3b bliskiej osoby, pochowanej na Starym Cmentarzu przy Rondzie Bankowym.\u00a0<\/strong><\/p>\n<p>47-letnia kobieta chc\u0105c opu\u015bci\u0107 cmentarz, zorientowa\u0142a si\u0119, \u017ce oba wyj\u015bcia s\u0105 ju\u017c zamkni\u0119te. Po chwili kobieta zadzwoni\u0142a na policj\u0119 z pro\u015bb\u0105 o pomoc.<\/p>\n<p>Funkcjonariusze potwierdzili obecno\u015b\u0107 kobiety. Z jednej strony pr\u00f3bowano nawi\u0105za\u0107 kontakt z zarz\u0105dc\u0105 cmentarza, a po chwili policjanci wdro\u017cyli plan B. Wraz z kobiet\u0105 przeszli do cz\u0119\u015bci, gdzie ogrodzenie jest do\u015b\u0107 niskie.<\/p>\n<p>Policjant przeskoczy\u0142 i podsadzi\u0142 Pani\u0105 Adriann\u0119, uwalniaj\u0105c j\u0105.<\/p>\n<p>Przypominamy, \u017ce przed wej\u015bciem na ka\u017cdy cmentarz znajduj\u0105 si\u0119 godziny otwarcia cmentarza i jak wida\u0107 nie s\u0105 to fikcyjne informacje.<\/p>\n","protected":false},"excerpt":{"rendered":"Pani Adrianna niedziel\u0119 sp\u0119dzi\u0142a niedziel\u0119 w Parku Miejskim, gdzie odbywa\u0142 si\u0119 festyn. Po nim postanowi\u0142a odwiedzi\u0107 gr\u00f3b bliskiej osoby, pochowanej na Starym Cmentarzu \n<a class=\"moretag\" href=\"https:\/\/ostrowskatv.pl\/?p=9294\"> [...]<\/a>","protected":false},"author":1,"featured_media":9295,"comment_status":"open","ping_status":"closed","sticky":false,"template":"","format":"standard","meta":{"footnotes":""},"categories":[1],"tags":[2],"class_list":["post-9294","post","type-post","status-publish","format-standard","has-post-thumbnail","hentry","category-news","tag-ostrow-wielkopolski"],"_links":{"self":[{"href":"https:\/\/ostrowskatv.pl\/index.php?rest_route=\/wp\/v2\/posts\/9294","targetHints":{"allow":["GET"]}}],"collection":[{"href":"https:\/\/ostrowskatv.pl\/index.php?rest_route=\/wp\/v2\/posts"}],"about":[{"href":"https:\/\/ostrowskatv.pl\/index.php?rest_route=\/wp\/v2\/types\/post"}],"author":[{"embeddable":true,"href":"https:\/\/ostrowskatv.pl\/index.php?rest_route=\/wp\/v2\/users\/1"}],"replies":[{"embeddable":true,"href":"https:\/\/ostrowskatv.pl\/index.php?rest_route=%2Fwp%2Fv2%2Fcomments&post=9294"}],"version-history":[{"count":0,"href":"https:\/\/ostrowskatv.pl\/index.php?rest_route=\/wp\/v2\/posts\/9294\/revisions"}],"wp:featuredmedia":[{"embeddable":true,"href":"https:\/\/ostrowskatv.pl\/index.php?rest_route=\/wp\/v2\/media\/9295"}],"wp:attachment":[{"href":"https:\/\/ostrowskatv.pl\/index.php?rest_route=%2Fwp%2Fv2%2Fmedia&parent=9294"}],"wp:term":[{"taxonomy":"category","embeddable":true,"href":"https:\/\/ostrowskatv.pl\/index.php?rest_route=%2Fwp%2Fv2%2Fcategories&post=9294"},{"taxonomy":"post_tag","embeddable":true,"href":"https:\/\/ostrowskatv.pl\/index.php?rest_route=%2Fwp%2Fv2%2Ftags&post=9294"}],"curies":[{"name":"wp","href":"https:\/\/api.w.org\/{rel}","templated":true}]}}