{"id":9265,"date":"2019-05-16T08:16:17","date_gmt":"2019-05-16T07:16:17","guid":{"rendered":"http:\/\/ostrowska.tv\/?p=9265"},"modified":"2019-05-16T08:16:17","modified_gmt":"2019-05-16T07:16:17","slug":"kupil-auto-nie-mial-prawka-na-drugi-dzien-zostalo-rozbite","status":"publish","type":"post","link":"https:\/\/ostrowskatv.pl\/?p=9265","title":{"rendered":"Kupi\u0142 auto, nie mia\u0142 prawka. Na drugi dzie\u0144 zosta\u0142o rozbite"},"content":{"rendered":"<p><strong>M\u0142ody wiekiem w\u0142a\u015bciciel nied\u0142ugo nacieszy\u0142 si\u0119 Hond\u0105, kt\u00f3r\u0105 naby\u0142 dzie\u0144 wcze\u015bniej w Ostrzeszowie. W pe\u0142ni cieszy\u0107 si\u0119 ni\u0105 nie m\u00f3g\u0142, gdy\u017c nie posiada\u0142 jeszcze prawa jazdy. Dlatego do motoryzacyjnej konsumpcji nowego nabytku zaprosi\u0142 koleg\u00f3w z czego jeden mia\u0142 uprawnienia do kierowania autem. I to w\u0142a\u015bnie on wjecha\u0142 w ty\u0142 Fiata Punto przed przej\u015bciem dla pieszych przy Prokuraturze Okr\u0119gowej w Ostrowie Wlkp.<\/strong><\/p>\n<p>Do zdarzenia dosz\u0142o w \u015brod\u0119 ok. godziny 18.00. Fiatem podr\u00f3\u017cowa\u0142 m\u0119\u017cczyzna wraz z kilkuletnim synem. Ojciec uskar\u017ca\u0142 si\u0119 na silny b\u00f3l kr\u0119gos\u0142upa szyjnego. Po czynno\u015bciach formalnych zamierza\u0142 uda\u0107 si\u0119 do szpitala na stosowne badania.<\/p>\n<div id='gallery-1' class='gallery galleryid-9265 gallery-columns-3 gallery-size-thumbnail'><figure class='gallery-item'>\n\t\t\t<div class='gallery-icon landscape'>\n\t\t\t\t<a href='https:\/\/ostrowskatv.pl\/?attachment_id=9266'><img loading=\"lazy\" decoding=\"async\" width=\"150\" height=\"150\" src=\"https:\/\/ostrowskatv.pl\/wp-content\/uploads\/2019\/05\/IMG_20190515_182315-150x150.jpg\" class=\"attachment-thumbnail size-thumbnail\" alt=\"\" \/><\/a>\n\t\t\t<\/div><\/figure><figure class='gallery-item'>\n\t\t\t<div class='gallery-icon landscape'>\n\t\t\t\t<a href='https:\/\/ostrowskatv.pl\/?attachment_id=9267'><img loading=\"lazy\" decoding=\"async\" width=\"150\" height=\"150\" src=\"https:\/\/ostrowskatv.pl\/wp-content\/uploads\/2019\/05\/IMG_20190515_183133-150x150.jpg\" class=\"attachment-thumbnail size-thumbnail\" alt=\"\" \/><\/a>\n\t\t\t<\/div><\/figure><figure class='gallery-item'>\n\t\t\t<div class='gallery-icon landscape'>\n\t\t\t\t<a href='https:\/\/ostrowskatv.pl\/?attachment_id=9268'><img loading=\"lazy\" decoding=\"async\" width=\"150\" height=\"150\" src=\"https:\/\/ostrowskatv.pl\/wp-content\/uploads\/2019\/05\/IMG_20190515_182754-150x150.jpg\" class=\"attachment-thumbnail size-thumbnail\" alt=\"\" \/><\/a>\n\t\t\t<\/div><\/figure>\n\t\t<\/div>\n\n","protected":false},"excerpt":{"rendered":"M\u0142ody wiekiem w\u0142a\u015bciciel nied\u0142ugo nacieszy\u0142 si\u0119 Hond\u0105, kt\u00f3r\u0105 naby\u0142 dzie\u0144 wcze\u015bniej w Ostrzeszowie. W pe\u0142ni cieszy\u0107 si\u0119 ni\u0105 nie m\u00f3g\u0142, gdy\u017c nie posiada\u0142 \n<a class=\"moretag\" href=\"https:\/\/ostrowskatv.pl\/?p=9265\"> [...]<\/a>","protected":false},"author":1,"featured_media":9266,"comment_status":"open","ping_status":"closed","sticky":false,"template":"","format":"standard","meta":{"footnotes":""},"categories":[1],"tags":[2],"class_list":["post-9265","post","type-post","status-publish","format-standard","has-post-thumbnail","hentry","category-news","tag-ostrow-wielkopolski"],"_links":{"self":[{"href":"https:\/\/ostrowskatv.pl\/index.php?rest_route=\/wp\/v2\/posts\/9265","targetHints":{"allow":["GET"]}}],"collection":[{"href":"https:\/\/ostrowskatv.pl\/index.php?rest_route=\/wp\/v2\/posts"}],"about":[{"href":"https:\/\/ostrowskatv.pl\/index.php?rest_route=\/wp\/v2\/types\/post"}],"author":[{"embeddable":true,"href":"https:\/\/ostrowskatv.pl\/index.php?rest_route=\/wp\/v2\/users\/1"}],"replies":[{"embeddable":true,"href":"https:\/\/ostrowskatv.pl\/index.php?rest_route=%2Fwp%2Fv2%2Fcomments&post=9265"}],"version-history":[{"count":0,"href":"https:\/\/ostrowskatv.pl\/index.php?rest_route=\/wp\/v2\/posts\/9265\/revisions"}],"wp:featuredmedia":[{"embeddable":true,"href":"https:\/\/ostrowskatv.pl\/index.php?rest_route=\/wp\/v2\/media\/9266"}],"wp:attachment":[{"href":"https:\/\/ostrowskatv.pl\/index.php?rest_route=%2Fwp%2Fv2%2Fmedia&parent=9265"}],"wp:term":[{"taxonomy":"category","embeddable":true,"href":"https:\/\/ostrowskatv.pl\/index.php?rest_route=%2Fwp%2Fv2%2Fcategories&post=9265"},{"taxonomy":"post_tag","embeddable":true,"href":"https:\/\/ostrowskatv.pl\/index.php?rest_route=%2Fwp%2Fv2%2Ftags&post=9265"}],"curies":[{"name":"wp","href":"https:\/\/api.w.org\/{rel}","templated":true}]}}