{"id":9263,"date":"2019-05-14T15:34:14","date_gmt":"2019-05-14T14:34:14","guid":{"rendered":"http:\/\/ostrowska.tv\/?p=9263"},"modified":"2019-05-14T15:34:14","modified_gmt":"2019-05-14T14:34:14","slug":"bmw-skosilo-latarnie-przy-samolocie","status":"publish","type":"post","link":"https:\/\/ostrowskatv.pl\/?p=9263","title":{"rendered":"BMW skosi\u0142o latarni\u0119 przy &#8222;samolocie&#8221;"},"content":{"rendered":"<p><strong>O godzinie 16.00 BMW \u015bci\u0119\u0142o latarni\u0119 stoj\u0105c\u0105 wcze\u015bniej na wysepce przy skrzy\u017cowaniu ul. Raszkowskiej i Spichrzowej w Ostrowie Wielkopolskim. Autem podr\u00f3\u017cowa\u0142y dwie osoby oraz ma\u0142e dziecko. <\/strong><\/p>\n<p>Z relacji kierowcy wynika, \u017ce BMW jecha\u0142o od strony wiaduktu krotoszy\u0144skiego. Kiedy skr\u0119ca\u0142o w lewo w ulic\u0119 Spichrzow\u0105, inny pojazd &#8222;mia\u0142 zajecha\u0107 drog\u0119&#8221;. W tej sytuacji m\u0119\u017cczyzna z BMW doda\u0142 gazu i uderzy\u0142 we wspomnian\u0105 latarni\u0119. <\/p>\n<p>Na szcz\u0119\u015bcie nikomu nic si\u0119 nie sta\u0142o, a do zabezpieczenia latarni zadysponowano jeden w\u00f3z stra\u017cy po\u017carnej.<\/p>\n<div id='gallery-1' class='gallery galleryid-9263 gallery-columns-3 gallery-size-thumbnail'><figure class='gallery-item'>\n\t\t\t<div class='gallery-icon landscape'>\n\t\t\t\t<a href='https:\/\/ostrowskatv.pl\/?attachment_id=9262'><img loading=\"lazy\" decoding=\"async\" width=\"150\" height=\"150\" src=\"https:\/\/ostrowskatv.pl\/wp-content\/uploads\/2019\/05\/IMG_20190514_160745-01-150x150.jpeg\" class=\"attachment-thumbnail size-thumbnail\" alt=\"\" \/><\/a>\n\t\t\t<\/div><\/figure><figure class='gallery-item'>\n\t\t\t<div class='gallery-icon landscape'>\n\t\t\t\t<a href='https:\/\/ostrowskatv.pl\/?attachment_id=9261'><img loading=\"lazy\" decoding=\"async\" width=\"150\" height=\"150\" src=\"https:\/\/ostrowskatv.pl\/wp-content\/uploads\/2019\/05\/IMG_20190514_161301-02-150x150.jpeg\" class=\"attachment-thumbnail size-thumbnail\" alt=\"\" \/><\/a>\n\t\t\t<\/div><\/figure><figure class='gallery-item'>\n\t\t\t<div class='gallery-icon landscape'>\n\t\t\t\t<a href='https:\/\/ostrowskatv.pl\/?attachment_id=9260'><img loading=\"lazy\" decoding=\"async\" width=\"150\" height=\"150\" src=\"https:\/\/ostrowskatv.pl\/wp-content\/uploads\/2019\/05\/IMG_20190514_161151-01-150x150.jpeg\" class=\"attachment-thumbnail size-thumbnail\" alt=\"\" \/><\/a>\n\t\t\t<\/div><\/figure><figure class='gallery-item'>\n\t\t\t<div class='gallery-icon landscape'>\n\t\t\t\t<a href='https:\/\/ostrowskatv.pl\/?attachment_id=9259'><img loading=\"lazy\" decoding=\"async\" width=\"150\" height=\"150\" src=\"https:\/\/ostrowskatv.pl\/wp-content\/uploads\/2019\/05\/IMG_20190514_160929-01-150x150.jpeg\" class=\"attachment-thumbnail size-thumbnail\" alt=\"\" \/><\/a>\n\t\t\t<\/div><\/figure><figure class='gallery-item'>\n\t\t\t<div class='gallery-icon portrait'>\n\t\t\t\t<a href='https:\/\/ostrowskatv.pl\/?attachment_id=9258'><img loading=\"lazy\" decoding=\"async\" width=\"150\" height=\"150\" src=\"https:\/\/ostrowskatv.pl\/wp-content\/uploads\/2019\/05\/IMG_20190514_160745-02-150x150.jpeg\" class=\"attachment-thumbnail size-thumbnail\" alt=\"\" \/><\/a>\n\t\t\t<\/div><\/figure>\n\t\t<\/div>\n\n","protected":false},"excerpt":{"rendered":"O godzinie 16.00 BMW \u015bci\u0119\u0142o latarni\u0119 stoj\u0105c\u0105 wcze\u015bniej na wysepce przy skrzy\u017cowaniu ul. Raszkowskiej i Spichrzowej w Ostrowie Wielkopolskim. Autem podr\u00f3\u017cowa\u0142y dwie osoby \n<a class=\"moretag\" href=\"https:\/\/ostrowskatv.pl\/?p=9263\"> [...]<\/a>","protected":false},"author":1,"featured_media":9259,"comment_status":"open","ping_status":"closed","sticky":false,"template":"","format":"standard","meta":{"footnotes":""},"categories":[1],"tags":[2],"class_list":["post-9263","post","type-post","status-publish","format-standard","has-post-thumbnail","hentry","category-news","tag-ostrow-wielkopolski"],"_links":{"self":[{"href":"https:\/\/ostrowskatv.pl\/index.php?rest_route=\/wp\/v2\/posts\/9263","targetHints":{"allow":["GET"]}}],"collection":[{"href":"https:\/\/ostrowskatv.pl\/index.php?rest_route=\/wp\/v2\/posts"}],"about":[{"href":"https:\/\/ostrowskatv.pl\/index.php?rest_route=\/wp\/v2\/types\/post"}],"author":[{"embeddable":true,"href":"https:\/\/ostrowskatv.pl\/index.php?rest_route=\/wp\/v2\/users\/1"}],"replies":[{"embeddable":true,"href":"https:\/\/ostrowskatv.pl\/index.php?rest_route=%2Fwp%2Fv2%2Fcomments&post=9263"}],"version-history":[{"count":0,"href":"https:\/\/ostrowskatv.pl\/index.php?rest_route=\/wp\/v2\/posts\/9263\/revisions"}],"wp:featuredmedia":[{"embeddable":true,"href":"https:\/\/ostrowskatv.pl\/index.php?rest_route=\/wp\/v2\/media\/9259"}],"wp:attachment":[{"href":"https:\/\/ostrowskatv.pl\/index.php?rest_route=%2Fwp%2Fv2%2Fmedia&parent=9263"}],"wp:term":[{"taxonomy":"category","embeddable":true,"href":"https:\/\/ostrowskatv.pl\/index.php?rest_route=%2Fwp%2Fv2%2Fcategories&post=9263"},{"taxonomy":"post_tag","embeddable":true,"href":"https:\/\/ostrowskatv.pl\/index.php?rest_route=%2Fwp%2Fv2%2Ftags&post=9263"}],"curies":[{"name":"wp","href":"https:\/\/api.w.org\/{rel}","templated":true}]}}