{"id":9245,"date":"2019-05-13T13:59:31","date_gmt":"2019-05-13T12:59:31","guid":{"rendered":"http:\/\/ostrowska.tv\/?p=9245"},"modified":"2019-05-13T14:01:18","modified_gmt":"2019-05-13T13:01:18","slug":"zlapali-pedofila-przy-limanowskiego","status":"publish","type":"post","link":"https:\/\/ostrowskatv.pl\/?p=9245","title":{"rendered":"Z\u0142apali pedofila przy Limanowskiego"},"content":{"rendered":"<p><strong>W niedziel\u0119 zatrzymano podejrzanego o pedofili\u0119 w Ostrowie Wlkp. Akcja mia\u0142a miejsce przy ul. Limanowskiego przy sklepie \u017babka. Szczeg\u00f3\u0142y zobaczycie w sz\u00f3stym sezonie &#8222;\u0141owcy pedofil\u00f3w&#8221;, emitowanym w telewizji Polsat Play. Ju\u017c teraz wiadomo, \u017ce m\u0119\u017cczyzna po pi\u0119\u0107dziesi\u0105tce umie\u015bci\u0142 na jednym z portali og\u0142oszenie, kt\u00f3re zwr\u00f3ci\u0142o uwag\u0119 autora programu.<\/strong><\/p>\n<p>Ekipa programu &#8222;\u0141owca pedofilii&#8221; przekona\u0142 si\u0119, \u017ce podejrzany ma \u015bwiadomo\u015b\u0107 umawiania si\u0119 z osob\u0105 14-letni\u0105. Instruowa\u0142 dziecko czym jest &#8222;punkt G&#8221;. Podejrzany o pedofili\u0119 umawia\u0142 si\u0119 ju\u017c 2 tygodnie temu, ale do spotkania nie dosz\u0142o z powodu wyjazdu podejrzanego.<\/p>\n<p>W ko\u0144cu prze\u0142om nast\u0105pi\u0142 w miniony weekend. M\u0119\u017cczyzna, zamieszka\u0142y najprawdopodobniej pod Ostrowem Wlkp., um\u00f3wi\u0142 si\u0119 pod sklepem \u017babka przy ul. Limanowskiego. Tam zatrzymali go policjanci kryminalni. Podejrzany umawia\u0142 si\u0119 na inne czynno\u015bci seksualne.<\/p>\n<div id='gallery-1' class='gallery galleryid-9245 gallery-columns-3 gallery-size-thumbnail'><figure class='gallery-item'>\n\t\t\t<div class='gallery-icon portrait'>\n\t\t\t\t<a href='https:\/\/ostrowskatv.pl\/?attachment_id=9246'><img loading=\"lazy\" decoding=\"async\" width=\"150\" height=\"150\" src=\"https:\/\/ostrowskatv.pl\/wp-content\/uploads\/2019\/05\/IMG_20190512_185624-01-150x150.jpeg\" class=\"attachment-thumbnail size-thumbnail\" alt=\"\" \/><\/a>\n\t\t\t<\/div><\/figure><figure class='gallery-item'>\n\t\t\t<div class='gallery-icon landscape'>\n\t\t\t\t<a href='https:\/\/ostrowskatv.pl\/?attachment_id=9247'><img loading=\"lazy\" decoding=\"async\" width=\"150\" height=\"150\" src=\"https:\/\/ostrowskatv.pl\/wp-content\/uploads\/2019\/05\/IMG_20190512_185659-01-150x150.jpeg\" class=\"attachment-thumbnail size-thumbnail\" alt=\"\" \/><\/a>\n\t\t\t<\/div><\/figure><figure class='gallery-item'>\n\t\t\t<div class='gallery-icon portrait'>\n\t\t\t\t<a href='https:\/\/ostrowskatv.pl\/?attachment_id=9248'><img loading=\"lazy\" decoding=\"async\" width=\"150\" height=\"150\" src=\"https:\/\/ostrowskatv.pl\/wp-content\/uploads\/2019\/05\/IMG_20190512_185732-01-150x150.jpeg\" class=\"attachment-thumbnail size-thumbnail\" alt=\"\" \/><\/a>\n\t\t\t<\/div><\/figure><figure class='gallery-item'>\n\t\t\t<div class='gallery-icon landscape'>\n\t\t\t\t<a href='https:\/\/ostrowskatv.pl\/?attachment_id=9249'><img loading=\"lazy\" decoding=\"async\" width=\"150\" height=\"150\" src=\"https:\/\/ostrowskatv.pl\/wp-content\/uploads\/2019\/05\/pedofil-150x150.jpeg\" class=\"attachment-thumbnail size-thumbnail\" alt=\"\" \/><\/a>\n\t\t\t<\/div><\/figure>\n\t\t<\/div>\n\n<p><iframe loading=\"lazy\" src=\"https:\/\/www.facebook.com\/plugins\/video.php?href=https%3A%2F%2Fwww.facebook.com%2Fkrzysztof.dymkowski%2Fvideos%2F2590215007659759%2F&#038;show_text=0&#038;width=560\" width=\"560\" height=\"315\" style=\"border:none;overflow:hidden\" scrolling=\"no\" frameborder=\"0\" allowTransparency=\"true\" allowFullScreen=\"true\"><\/iframe><\/p>\n","protected":false},"excerpt":{"rendered":"W niedziel\u0119 zatrzymano podejrzanego o pedofili\u0119 w Ostrowie Wlkp. Akcja mia\u0142a miejsce przy ul. Limanowskiego przy sklepie \u017babka. Szczeg\u00f3\u0142y zobaczycie w sz\u00f3stym sezonie \n<a class=\"moretag\" href=\"https:\/\/ostrowskatv.pl\/?p=9245\"> [...]<\/a>","protected":false},"author":1,"featured_media":9249,"comment_status":"open","ping_status":"closed","sticky":false,"template":"","format":"standard","meta":{"footnotes":""},"categories":[1],"tags":[2],"class_list":["post-9245","post","type-post","status-publish","format-standard","has-post-thumbnail","hentry","category-news","tag-ostrow-wielkopolski"],"_links":{"self":[{"href":"https:\/\/ostrowskatv.pl\/index.php?rest_route=\/wp\/v2\/posts\/9245","targetHints":{"allow":["GET"]}}],"collection":[{"href":"https:\/\/ostrowskatv.pl\/index.php?rest_route=\/wp\/v2\/posts"}],"about":[{"href":"https:\/\/ostrowskatv.pl\/index.php?rest_route=\/wp\/v2\/types\/post"}],"author":[{"embeddable":true,"href":"https:\/\/ostrowskatv.pl\/index.php?rest_route=\/wp\/v2\/users\/1"}],"replies":[{"embeddable":true,"href":"https:\/\/ostrowskatv.pl\/index.php?rest_route=%2Fwp%2Fv2%2Fcomments&post=9245"}],"version-history":[{"count":0,"href":"https:\/\/ostrowskatv.pl\/index.php?rest_route=\/wp\/v2\/posts\/9245\/revisions"}],"wp:featuredmedia":[{"embeddable":true,"href":"https:\/\/ostrowskatv.pl\/index.php?rest_route=\/wp\/v2\/media\/9249"}],"wp:attachment":[{"href":"https:\/\/ostrowskatv.pl\/index.php?rest_route=%2Fwp%2Fv2%2Fmedia&parent=9245"}],"wp:term":[{"taxonomy":"category","embeddable":true,"href":"https:\/\/ostrowskatv.pl\/index.php?rest_route=%2Fwp%2Fv2%2Fcategories&post=9245"},{"taxonomy":"post_tag","embeddable":true,"href":"https:\/\/ostrowskatv.pl\/index.php?rest_route=%2Fwp%2Fv2%2Ftags&post=9245"}],"curies":[{"name":"wp","href":"https:\/\/api.w.org\/{rel}","templated":true}]}}