{"id":9241,"date":"2019-05-11T15:43:13","date_gmt":"2019-05-11T14:43:13","guid":{"rendered":"http:\/\/ostrowska.tv\/?p=9241"},"modified":"2019-05-12T07:00:24","modified_gmt":"2019-05-12T06:00:24","slug":"motocyklista-rozbil-sie-w-trakcie-poscigu","status":"publish","type":"post","link":"https:\/\/ostrowskatv.pl\/?p=9241","title":{"rendered":"Motocyklista rozbi\u0142 si\u0119 w trakcie po\u015bcigu"},"content":{"rendered":"<p><strong>Po godzinie 15.30 motocyklista nie zatrzyma\u0142 si\u0119 do kontroli na ul. Wroc\u0142awskiej. M\u0119\u017cczyzna ucieka\u0142 jedno\u015bladow\u0105 Hond\u0105 przez Jank\u00f3w Przygodzki w stron\u0119 Tarcha\u0142.<\/strong><\/p>\n<p><span style=\"font-size: 1rem;\">Pr\u0119dko\u015b\u0107 podczas po\u015bcigu nierzadko wynosi\u0142a 100 km\/h. Na wylocie z z Topoli Wielkiej motocyklista nie wyrobi\u0142 na \u0142uku drogi i zjecha\u0142 na prawe pobocze, gdzie uderzy\u0142 w drzewo.\u00a0<\/span><\/p>\n<p>Funkcjonariusze z ostrowskiej drog\u00f3wki zatrzymali oko\u0142o 25-letniego mieszka\u0144ca powiatu ostrowskiego. By\u0142 trze\u017awy, ale nie posiada\u0142 uprawnie\u0144 do kierowania takim motocyklem. Po zdarzeniu by\u0142 bardzo zainteresowany stanem motocykla, jakby nie dociera\u0142o do niego, \u017ce stawk\u0105 w po\u015bcigu by\u0142o \u017cycie jego i os\u00f3b postronnych. Tym razem, nie odni\u00f3s\u0142 powa\u017cniejszych obra\u017ce\u0144.<\/p>\n<div id='gallery-1' class='gallery galleryid-9241 gallery-columns-3 gallery-size-thumbnail'><figure class='gallery-item'>\n\t\t\t<div class='gallery-icon portrait'>\n\t\t\t\t<a href='https:\/\/ostrowskatv.pl\/?attachment_id=9239'><img loading=\"lazy\" decoding=\"async\" width=\"150\" height=\"150\" src=\"https:\/\/ostrowskatv.pl\/wp-content\/uploads\/2019\/05\/IMG_20190511_155926-01-150x150.jpg\" class=\"attachment-thumbnail size-thumbnail\" alt=\"\" \/><\/a>\n\t\t\t<\/div><\/figure><figure class='gallery-item'>\n\t\t\t<div class='gallery-icon landscape'>\n\t\t\t\t<a href='https:\/\/ostrowskatv.pl\/?attachment_id=9238'><img loading=\"lazy\" decoding=\"async\" width=\"150\" height=\"150\" src=\"https:\/\/ostrowskatv.pl\/wp-content\/uploads\/2019\/05\/IMG_20190511_155721-01-150x150.jpeg\" class=\"attachment-thumbnail size-thumbnail\" alt=\"\" \/><\/a>\n\t\t\t<\/div><\/figure><figure class='gallery-item'>\n\t\t\t<div class='gallery-icon portrait'>\n\t\t\t\t<a href='https:\/\/ostrowskatv.pl\/?attachment_id=9240'><img loading=\"lazy\" decoding=\"async\" width=\"150\" height=\"150\" src=\"https:\/\/ostrowskatv.pl\/wp-content\/uploads\/2019\/05\/IMG_20190511_155655-02-150x150.jpeg\" class=\"attachment-thumbnail size-thumbnail\" alt=\"\" \/><\/a>\n\t\t\t<\/div><\/figure><figure class='gallery-item'>\n\t\t\t<div class='gallery-icon portrait'>\n\t\t\t\t<a href='https:\/\/ostrowskatv.pl\/?attachment_id=9237'><img loading=\"lazy\" decoding=\"async\" width=\"150\" height=\"150\" src=\"https:\/\/ostrowskatv.pl\/wp-content\/uploads\/2019\/05\/IMG_20190511_155709-01-150x150.jpeg\" class=\"attachment-thumbnail size-thumbnail\" alt=\"\" \/><\/a>\n\t\t\t<\/div><\/figure><figure class='gallery-item'>\n\t\t\t<div class='gallery-icon landscape'>\n\t\t\t\t<a href='https:\/\/ostrowskatv.pl\/?attachment_id=9236'><img loading=\"lazy\" decoding=\"async\" width=\"150\" height=\"150\" src=\"https:\/\/ostrowskatv.pl\/wp-content\/uploads\/2019\/05\/IMG_20190511_160755-01-150x150.jpeg\" class=\"attachment-thumbnail size-thumbnail\" alt=\"\" \/><\/a>\n\t\t\t<\/div><\/figure><figure class='gallery-item'>\n\t\t\t<div class='gallery-icon landscape'>\n\t\t\t\t<a href='https:\/\/ostrowskatv.pl\/?attachment_id=9235'><img loading=\"lazy\" decoding=\"async\" width=\"150\" height=\"150\" src=\"https:\/\/ostrowskatv.pl\/wp-content\/uploads\/2019\/05\/IMG_20190511_155732-01-150x150.jpeg\" class=\"attachment-thumbnail size-thumbnail\" alt=\"\" \/><\/a>\n\t\t\t<\/div><\/figure>\n\t\t<\/div>\n\n<p>&nbsp;<\/p>\n","protected":false},"excerpt":{"rendered":"Po godzinie 15.30 motocyklista nie zatrzyma\u0142 si\u0119 do kontroli na ul. Wroc\u0142awskiej. M\u0119\u017cczyzna ucieka\u0142 jedno\u015bladow\u0105 Hond\u0105 przez Jank\u00f3w Przygodzki w stron\u0119 Tarcha\u0142. Pr\u0119dko\u015b\u0107 \n<a class=\"moretag\" href=\"https:\/\/ostrowskatv.pl\/?p=9241\"> [...]<\/a>","protected":false},"author":1,"featured_media":9238,"comment_status":"open","ping_status":"closed","sticky":false,"template":"","format":"standard","meta":{"footnotes":""},"categories":[1],"tags":[120],"class_list":["post-9241","post","type-post","status-publish","format-standard","has-post-thumbnail","hentry","category-news","tag-powiat-ostrowski"],"_links":{"self":[{"href":"https:\/\/ostrowskatv.pl\/index.php?rest_route=\/wp\/v2\/posts\/9241","targetHints":{"allow":["GET"]}}],"collection":[{"href":"https:\/\/ostrowskatv.pl\/index.php?rest_route=\/wp\/v2\/posts"}],"about":[{"href":"https:\/\/ostrowskatv.pl\/index.php?rest_route=\/wp\/v2\/types\/post"}],"author":[{"embeddable":true,"href":"https:\/\/ostrowskatv.pl\/index.php?rest_route=\/wp\/v2\/users\/1"}],"replies":[{"embeddable":true,"href":"https:\/\/ostrowskatv.pl\/index.php?rest_route=%2Fwp%2Fv2%2Fcomments&post=9241"}],"version-history":[{"count":0,"href":"https:\/\/ostrowskatv.pl\/index.php?rest_route=\/wp\/v2\/posts\/9241\/revisions"}],"wp:featuredmedia":[{"embeddable":true,"href":"https:\/\/ostrowskatv.pl\/index.php?rest_route=\/wp\/v2\/media\/9238"}],"wp:attachment":[{"href":"https:\/\/ostrowskatv.pl\/index.php?rest_route=%2Fwp%2Fv2%2Fmedia&parent=9241"}],"wp:term":[{"taxonomy":"category","embeddable":true,"href":"https:\/\/ostrowskatv.pl\/index.php?rest_route=%2Fwp%2Fv2%2Fcategories&post=9241"},{"taxonomy":"post_tag","embeddable":true,"href":"https:\/\/ostrowskatv.pl\/index.php?rest_route=%2Fwp%2Fv2%2Ftags&post=9241"}],"curies":[{"name":"wp","href":"https:\/\/api.w.org\/{rel}","templated":true}]}}