{"id":9231,"date":"2019-05-09T10:57:13","date_gmt":"2019-05-09T09:57:13","guid":{"rendered":"http:\/\/ostrowska.tv\/?p=9231"},"modified":"2019-05-09T10:58:29","modified_gmt":"2019-05-09T09:58:29","slug":"zlodziejka-cmentarna-namierzona-dzieki-gps","status":"publish","type":"post","link":"https:\/\/ostrowskatv.pl\/?p=9231","title":{"rendered":"Z\u0142odziejka cmentarna namierzona dzi\u0119ki GPS"},"content":{"rendered":"<p><strong>Na oryginalny pomys\u0142 z\u0142apania z\u0142odzieja, wpad\u0142a pokrzywdzona mieszkanka gminy Raszk\u00f3w. Kiedy kilkukrotnie skradziono wi\u0105zank\u0119 kwiat\u00f3w z\u0142o\u017con\u0105 na grobie bliskiej osoby na cmentarzu w Przybys\u0142awicach, postanowi\u0142a zadzia\u0142a\u0107 na w\u0142asn\u0105 r\u0119k\u0119. Do kolejnej wi\u0105zanki w\u0142o\u017cy\u0142a nadajnik GPS. <\/strong><\/p>\n<p>Ten poinformowa\u0142 pokrzywdzon\u0105 kobiet\u0119 o ruchu monitorowanego obiektu. Uda\u0142a si\u0119 w \u015blad za z\u0142odziejem. Kiedy widzia\u0142a podejrzany samoch\u00f3d, powiadomi\u0142a policjant\u00f3w. Ci po jego zatrzymaniu potwierdzili obecno\u015b\u0107 skradzionych kwiat\u00f3w wewn\u0105trz auta. Z\u0142odziejk\u0105 okaza\u0142a si\u0119 46-letnia mieszkanka powiatu ostrowskiego. Kobieta przyzna\u0142a si\u0119 tylko do tej jednej kradzie\u017cy.<\/p>\n<p>Za kradzie\u017c z grobu grozi jest od 6 miesi\u0119cy do a\u017c 8 lat wi\u0119zienia.<\/p>\n","protected":false},"excerpt":{"rendered":"Na oryginalny pomys\u0142 z\u0142apania z\u0142odzieja, wpad\u0142a pokrzywdzona mieszkanka gminy Raszk\u00f3w. Kiedy kilkukrotnie skradziono wi\u0105zank\u0119 kwiat\u00f3w z\u0142o\u017con\u0105 na grobie bliskiej osoby na cmentarzu w \n<a class=\"moretag\" href=\"https:\/\/ostrowskatv.pl\/?p=9231\"> [...]<\/a>","protected":false},"author":1,"featured_media":9232,"comment_status":"open","ping_status":"closed","sticky":false,"template":"","format":"standard","meta":{"footnotes":""},"categories":[1],"tags":[180],"class_list":["post-9231","post","type-post","status-publish","format-standard","has-post-thumbnail","hentry","category-news","tag-gmina-raszkow"],"_links":{"self":[{"href":"https:\/\/ostrowskatv.pl\/index.php?rest_route=\/wp\/v2\/posts\/9231","targetHints":{"allow":["GET"]}}],"collection":[{"href":"https:\/\/ostrowskatv.pl\/index.php?rest_route=\/wp\/v2\/posts"}],"about":[{"href":"https:\/\/ostrowskatv.pl\/index.php?rest_route=\/wp\/v2\/types\/post"}],"author":[{"embeddable":true,"href":"https:\/\/ostrowskatv.pl\/index.php?rest_route=\/wp\/v2\/users\/1"}],"replies":[{"embeddable":true,"href":"https:\/\/ostrowskatv.pl\/index.php?rest_route=%2Fwp%2Fv2%2Fcomments&post=9231"}],"version-history":[{"count":0,"href":"https:\/\/ostrowskatv.pl\/index.php?rest_route=\/wp\/v2\/posts\/9231\/revisions"}],"wp:featuredmedia":[{"embeddable":true,"href":"https:\/\/ostrowskatv.pl\/index.php?rest_route=\/wp\/v2\/media\/9232"}],"wp:attachment":[{"href":"https:\/\/ostrowskatv.pl\/index.php?rest_route=%2Fwp%2Fv2%2Fmedia&parent=9231"}],"wp:term":[{"taxonomy":"category","embeddable":true,"href":"https:\/\/ostrowskatv.pl\/index.php?rest_route=%2Fwp%2Fv2%2Fcategories&post=9231"},{"taxonomy":"post_tag","embeddable":true,"href":"https:\/\/ostrowskatv.pl\/index.php?rest_route=%2Fwp%2Fv2%2Ftags&post=9231"}],"curies":[{"name":"wp","href":"https:\/\/api.w.org\/{rel}","templated":true}]}}