{"id":92,"date":"2015-12-30T17:35:10","date_gmt":"2015-12-30T16:35:10","guid":{"rendered":"http:\/\/ostrowska.tv\/?p=92"},"modified":"2015-12-30T17:35:10","modified_gmt":"2015-12-30T16:35:10","slug":"znamy-kulisy-rozmow-ze-sparta-wroclaw","status":"publish","type":"post","link":"https:\/\/ostrowskatv.pl\/?p=92","title":{"rendered":"Znamy kulisy rozm\u00f3w ze Spart\u0105 Wroc\u0142aw"},"content":{"rendered":"<p><strong>Betard Sparta nie b\u0119dzie je\u017adzi\u0107 w Ostrowie. Prezydent naszego miasta zapewnia, \u017ce zrobi\u0142a wszystko, by dosz\u0142o do porozumienia. Jej starania mieli zniweczy\u0107 jednak dzia\u0142acze.<\/strong><\/p>\n<p><strong>Przedstawiciele Sparty<\/strong> podkre\u015blali, \u017ce rozmowy z w\u0142adzami Ostrowa przebiega\u0142y bardzo profesjonalnie. W rozmowie z portalem WP SportoweFakty wspomina\u0142 o tym <strong>Andrzej Rusko<\/strong>. Na przeszkodzie mia\u0142a stan\u0105\u0107 &#8222;niech\u0119\u0107 i roszczeniowo\u015b\u0107&#8221; ostrowskiego klubu.<\/p>\n<p>&#8211; <em>Sprawa wynaj\u0119cia samego stadionu nale\u017ca\u0142a do kompetencji miasta i stosowne uzgodnienia ze Spart\u0105 poczynili\u015bmy. By\u0142a przygotowana nawet precyzyjnie umowa, kt\u00f3r\u0105 om\u00f3wili\u015bmy punkt po punkcie. Z my\u015bl\u0105 o kibicach stara\u0142am si\u0119 zrobi\u0107 wszystko, \u017ceby wroc\u0142awianie rozgrywali u nas swoje zawody, bo to \u017cu\u017cel na najwy\u017cszym poziomie. To mia\u0142o by\u0107 zado\u015b\u0107uczynienie. Nasze rozmowy przebiega\u0142y w bardzo dobrej atmosferze i konstruktywnej wsp\u00f3\u0142pracy. Jestem pewna, \u017ce jako prezydent miasta zrobi\u0142am wszystko, co mog\u0142am<\/em> \u2013 podkre\u015bla <strong>Beata Klimek<\/strong>.<\/p>\n<p>Przez d\u0142ugi czas wszystko wskazywa\u0142o na to, \u017ce rozmowy pomi\u0119dzy Spart\u0105 a w\u0142adzami Ostrowa sko\u0144cz\u0105 si\u0119 podpisaniem umowy. Temat mia\u0142 skomplikowa\u0107 si\u0119 po spotkaniu, do kt\u00f3rego dosz\u0142o we Wroc\u0142awiu. Nie bra\u0142a w nim jednak udzia\u0142u prezyden<strong>t Beata Klimek<\/strong>, a dzia\u0142acze ostrowskiego stowarzyszenia.<\/p>\n<p>&#8211; <em>Nie uczestniczy\u0142am w rozmowach pomi\u0119dzy klubami z Ostrowa i Wroc\u0142awia. Wiem jednak, \u017ce do nich dosz\u0142o. Kluby spotka\u0142y si\u0119 zar\u00f3wno w Ostrowie jak i we Wroc\u0142awiu. Pojawi\u0142a si\u0119 r\u00f3\u017cnica zda\u0144. Warunki, kt\u00f3re postawili ostrowscy dzia\u0142acze, by\u0142y nie do przyj\u0119cia przez stron\u0119 wroc\u0142awsk\u0105. Nie chc\u0119 si\u0119 jednak do tego szczeg\u00f3\u0142owo odnosi\u0107, bo sama w tych rozmowach nie bra\u0142am udzia\u0142u. Uwa\u017cam, \u017ce stracili przede wszystkim kibice, bo w Ostrowie nie b\u0119d\u0105 odbywa\u0107 si\u0119 fantastyczne zawody. To jest dla mnie bardzo smutne<\/em> \u2013 przekonuje<strong> prezydent Ostrowa Wielkopolskiego<\/strong>.<\/p>\n<p>Sparta wybra\u0142a Pozna\u0144, a to z\u0142a informacja dla kibic\u00f3w czarnego sportu w naszym mie\u015bcie. Teraz jedyn\u0105 szans\u0105 na \u017cu\u017cel w naszym mie\u015bcie jest licencja dla \u017bKS Ostrovii, o kt\u00f3r\u0105 staraj\u0105 si\u0119 dzia\u0142acze z \u017bKS Ostrovii, ale <strong>bez Miros\u0142awa Wodniczaka<\/strong>, kt\u00f3ry nie jest cz\u0142onkiem stowarzyszenia. Prezesi innych klub\u00f3w s\u0105 przeciwni dopuszczeniu ostrowian do rozgrywek. Inaczej do tematu mo\u017ce jednak podej\u015b\u0107 Komisja Licencyjna. Nale\u017cy bowiem pami\u0119ta\u0107, \u017ce ca\u0142y czas niepewna jest przysz\u0142o\u015b\u0107 klubu z Rzeszowa. Z ligi mo\u017ce wycofa\u0107 si\u0119 tak\u017ce Krosno. W tej sytuacji Ostr\u00f3w mo\u017ce okaza\u0107 si\u0119 ratunkiem dla \u017cu\u017clowej centrali i zapewni\u0107 odpowiedni kszta\u0142t rozgrywkom ligowym w naszym kraju.<\/p>\n<p>W najbli\u017cszym czasie postaramy si\u0119 tak\u017ce przedstawi\u0107 stanowisko ostrowskiego klubu \u017cu\u017clowego w sprawie rozm\u00f3w z Betard Spart\u0105 rozm\u00f3w.<\/p>\n","protected":false},"excerpt":{"rendered":"Betard Sparta nie b\u0119dzie je\u017adzi\u0107 w Ostrowie. Prezydent naszego miasta zapewnia, \u017ce zrobi\u0142a wszystko, by dosz\u0142o do porozumienia. Jej starania mieli zniweczy\u0107 jednak \n<a class=\"moretag\" href=\"https:\/\/ostrowskatv.pl\/?p=92\"> [...]<\/a>","protected":false},"author":1,"featured_media":5,"comment_status":"open","ping_status":"open","sticky":false,"template":"","format":"standard","meta":{"footnotes":""},"categories":[1],"tags":[8],"class_list":["post-92","post","type-post","status-publish","format-standard","has-post-thumbnail","hentry","category-news","tag-zuzel"],"_links":{"self":[{"href":"https:\/\/ostrowskatv.pl\/index.php?rest_route=\/wp\/v2\/posts\/92","targetHints":{"allow":["GET"]}}],"collection":[{"href":"https:\/\/ostrowskatv.pl\/index.php?rest_route=\/wp\/v2\/posts"}],"about":[{"href":"https:\/\/ostrowskatv.pl\/index.php?rest_route=\/wp\/v2\/types\/post"}],"author":[{"embeddable":true,"href":"https:\/\/ostrowskatv.pl\/index.php?rest_route=\/wp\/v2\/users\/1"}],"replies":[{"embeddable":true,"href":"https:\/\/ostrowskatv.pl\/index.php?rest_route=%2Fwp%2Fv2%2Fcomments&post=92"}],"version-history":[{"count":0,"href":"https:\/\/ostrowskatv.pl\/index.php?rest_route=\/wp\/v2\/posts\/92\/revisions"}],"wp:featuredmedia":[{"embeddable":true,"href":"https:\/\/ostrowskatv.pl\/index.php?rest_route=\/wp\/v2\/media\/5"}],"wp:attachment":[{"href":"https:\/\/ostrowskatv.pl\/index.php?rest_route=%2Fwp%2Fv2%2Fmedia&parent=92"}],"wp:term":[{"taxonomy":"category","embeddable":true,"href":"https:\/\/ostrowskatv.pl\/index.php?rest_route=%2Fwp%2Fv2%2Fcategories&post=92"},{"taxonomy":"post_tag","embeddable":true,"href":"https:\/\/ostrowskatv.pl\/index.php?rest_route=%2Fwp%2Fv2%2Ftags&post=92"}],"curies":[{"name":"wp","href":"https:\/\/api.w.org\/{rel}","templated":true}]}}