{"id":917,"date":"2016-04-29T10:44:45","date_gmt":"2016-04-29T09:44:45","guid":{"rendered":"http:\/\/ostrowska.tv\/?p=917"},"modified":"2016-04-29T10:45:06","modified_gmt":"2016-04-29T09:45:06","slug":"afera-w-ozc-byly-prezes-z-zarzutami","status":"publish","type":"post","link":"https:\/\/ostrowskatv.pl\/?p=917","title":{"rendered":"Afera w OZC. By\u0142y prezes z prokuratorskim zarzutem"},"content":{"rendered":"<p><strong>Roman Cegielny, kieruj\u0105cy Ostrowskim Zak\u0142adem Ciep\u0142owniczym tu\u017c przed wyborami prezydenckimi Ostrowa Wlkp. w 2014 r. Przypomnijmy, \u017ce to w\u0142a\u015bnie ten sam cz\u0142owiek organizowa\u0142 konferencje, na kt\u00f3rych podnosi\u0142 podejrzenia niegospodarnego zarz\u0105dzania OZC-em przez jego poprzednika Krzysztofa S. B\u0119d\u0105c przy m\u00f3wnicy Roman Cegielny poinformowa\u0142, \u017ce by\u0142emu prezesowi w dniu 16-go lutego br. postawiono jeden zarzut w zwi\u0105zku ze sprawowan\u0105 funkcj\u0105.<\/strong><\/p>\n<p>Roman Cegielny rozpocz\u0105\u0142 swoje wyst\u0105pienie przed radnymi od pokazania stosu dokument\u00f3w. Publicznie zacz\u0105\u0142 zadawa\u0107 pytania:<\/p>\n<blockquote><p>&#8211; Czy to s\u0105 mo\u017ce dokumenty programu gospodarczego Platformy? Nie. Czy to s\u0105 mo\u017ce dokumenty rozliczeniowe kampani\u0119 prezydenck\u0105 Jaros\u0142awa Urbaniaka? Nie. To s\u0105 interpelacje radnych w sprawie takiego ma\u0142ego cz\u0142owieczka jak ja, Romana Cegielnego. To wszystko. Dlaczego zdecydowa\u0142em si\u0119 wyst\u0105pi\u0107 po d\u0142u\u017cszym czasie niebycia zar\u00f3wno przed pa\u0144stwem jak i przed mieszka\u0144cami? Ot\u00f3\u017c niedawno sta\u0142o si\u0119 co\u015b wok\u00f3\u0142 czego lokalna prasa przesz\u0142a \u015blizgiem. Radny, kt\u00f3ry bardzo mnie lubi &#8211; pani Kornaszewski, w interpelacji z dnia 29 czerwca (&#8230;) &#8222;Pod koniec ubieg\u0142ego roku byli\u015bmy \u015bwiadkami spektaklu polegaj\u0105cego na publicznych oskar\u017ceniach pod adresem by\u0142ego prezesa OZC o dzia\u0142aniach na szkod\u0119 sp\u00f3\u0142ki (&#8230;) oraz by\u0142ego prezydenta Ostrowa Wlkp. (&#8230;). Jako\u015b do dzisiaj nie s\u0142ycha\u0107 by te zarzuty si\u0119 potwierdzi\u0142y&#8230;&#8221;. I tu jest sens mojej obecno\u015bci. 16 lutego Pan Krzysztof S. otrzyma\u0142 prokuratorski zarzut. Jako\u015b tak odnosz\u0119 wra\u017cenie, wszystkie wasze dzia\u0142ania (radnych) zmierza\u0142y do przykrycia tej sprawy.<\/p><\/blockquote>\n<p><strong>Jaros\u0142aw Lisiecki z PO, niczym no\u017cyce odzywaj\u0105ce si\u0119 po uderzeniu w st\u00f3\u0142, zabra\u0142 g\u0142os i zwr\u00f3ci\u0142 uwag\u0119 by Roman Cegielny nie wysuwa\u0142 zbyt daleko id\u0105cych insynuacji. &#8211; To jest bardzo delikatna sprawa &#8211; doda\u0142 Lisiecki.<\/strong><\/p>\n<p>S\u0105 to zarzuty zagro\u017cone kar\u0105 do 5 lat wi\u0119zienia &#8211; doda\u0142 Roman Cegielny. &#8211; Mam publiczne pytania do pana Jaros\u0142awa Wardawego, ale go nie ma. Zawsze publicznie pod w\u0142asnym nazwiskiem stawiam zapytania. Dlatego zamierzam si\u0119 zapowiedzie\u0107, \u017ce w zwi\u0105zku z t\u0105 mam odwag\u0119 publicznie.<\/p>\n<div style=\"width: 640px;\" class=\"wp-video\"><video class=\"wp-video-shortcode\" id=\"video-917-1\" width=\"640\" height=\"512\" preload=\"metadata\" controls=\"controls\"><source type=\"video\/mp4\" src=\"http:\/\/ostrowska.tv\/wp-content\/uploads\/2016\/04\/cegielny_1.mp4?_=1\" \/><a href=\"http:\/\/ostrowska.tv\/wp-content\/uploads\/2016\/04\/cegielny_1.mp4\">http:\/\/ostrowska.tv\/wp-content\/uploads\/2016\/04\/cegielny_1.mp4<\/a><\/video><\/div>\n<p>&nbsp;<\/p>\n","protected":false},"excerpt":{"rendered":"Roman Cegielny, kieruj\u0105cy Ostrowskim Zak\u0142adem Ciep\u0142owniczym tu\u017c przed wyborami prezydenckimi Ostrowa Wlkp. w 2014 r. Przypomnijmy, \u017ce to w\u0142a\u015bnie ten sam cz\u0142owiek organizowa\u0142 \n<a class=\"moretag\" href=\"https:\/\/ostrowskatv.pl\/?p=917\"> [...]<\/a>","protected":false},"author":1,"featured_media":920,"comment_status":"open","ping_status":"open","sticky":false,"template":"","format":"standard","meta":{"footnotes":""},"categories":[1],"tags":[2],"class_list":["post-917","post","type-post","status-publish","format-standard","has-post-thumbnail","hentry","category-news","tag-ostrow-wielkopolski"],"_links":{"self":[{"href":"https:\/\/ostrowskatv.pl\/index.php?rest_route=\/wp\/v2\/posts\/917","targetHints":{"allow":["GET"]}}],"collection":[{"href":"https:\/\/ostrowskatv.pl\/index.php?rest_route=\/wp\/v2\/posts"}],"about":[{"href":"https:\/\/ostrowskatv.pl\/index.php?rest_route=\/wp\/v2\/types\/post"}],"author":[{"embeddable":true,"href":"https:\/\/ostrowskatv.pl\/index.php?rest_route=\/wp\/v2\/users\/1"}],"replies":[{"embeddable":true,"href":"https:\/\/ostrowskatv.pl\/index.php?rest_route=%2Fwp%2Fv2%2Fcomments&post=917"}],"version-history":[{"count":0,"href":"https:\/\/ostrowskatv.pl\/index.php?rest_route=\/wp\/v2\/posts\/917\/revisions"}],"wp:featuredmedia":[{"embeddable":true,"href":"https:\/\/ostrowskatv.pl\/index.php?rest_route=\/wp\/v2\/media\/920"}],"wp:attachment":[{"href":"https:\/\/ostrowskatv.pl\/index.php?rest_route=%2Fwp%2Fv2%2Fmedia&parent=917"}],"wp:term":[{"taxonomy":"category","embeddable":true,"href":"https:\/\/ostrowskatv.pl\/index.php?rest_route=%2Fwp%2Fv2%2Fcategories&post=917"},{"taxonomy":"post_tag","embeddable":true,"href":"https:\/\/ostrowskatv.pl\/index.php?rest_route=%2Fwp%2Fv2%2Ftags&post=917"}],"curies":[{"name":"wp","href":"https:\/\/api.w.org\/{rel}","templated":true}]}}