{"id":909,"date":"2016-04-25T15:53:29","date_gmt":"2016-04-25T14:53:29","guid":{"rendered":"http:\/\/ostrowska.tv\/?p=909"},"modified":"2016-04-25T15:53:29","modified_gmt":"2016-04-25T14:53:29","slug":"dwa-smiertelne-potracenia-w-ostrowie","status":"publish","type":"post","link":"https:\/\/ostrowskatv.pl\/?p=909","title":{"rendered":"Dwa \u015bmiertelne potr\u0105cenia w Ostrowie"},"content":{"rendered":"<p><strong>W ostatnich dniach dosz\u0142o do dw\u00f3ch \u015bmiertelnych potr\u0105ce\u0144. Zar\u00f3wno w jednym jak i drugim przypadku kierowcy byli trze\u017awi, jechali prost\u0105 drog\u0105 i nie nale\u017celi do grupy kierowc\u00f3w &#8211; m\u0142odzi\/gniewni.<\/strong><\/p>\n<p>W pi\u0105tek o godzinie 9:20 na ulicy Rad\u0142owskiej w Ostrowie Wlkp. samoch\u00f3d Renault Clio, kierowany przez 77-letniego m\u0119\u017cczyzn\u0119, potr\u0105ci\u0142 83-latka. Poszkodowany w stanie ci\u0119\u017ckim, z urazem wielonarz\u0105dowym trafi\u0142 do ostrowskiego szpitala, gdzie pomimo zabieg\u00f3w lekarzy zmar\u0142.<\/p>\n<p>W niedziel\u0119 natomiast 34-letni m\u0119\u017cczyzna kieruj\u0105c Renault Scenic jecha\u0142 ulic\u0105 Wojska Polskiego. Podr\u00f3\u017cowa\u0142 wraz z \u017con\u0105 i dzieckiem. Co\u015b musia\u0142o odwr\u00f3ci\u0107 jego uwag\u0119, poniewa\u017c nie zauwa\u017cy\u0142, \u017ce przez przej\u015bcie dla pieszych idzie 81-letnia kobieta. Piesza zd\u0105\u017cy\u0142a ju\u017c wej\u015b\u0107 na po\u0142ow\u0119 drugiego pasa i to w\u0142a\u015bnie tam dosz\u0142o do potr\u0105cenia. Kobiet\u0119 zabrano na sygnale do szpitala, jednak zmar\u0142a ju\u017c na SOR-ze.<\/p>\n<p>Kierowcy w obydw\u00f3ch przypadkach byli trze\u017awi, podr\u00f3\u017cowali przy doskona\u0142ej widoczno\u015bci, ale co\u015b odwr\u00f3ci\u0142o ich uwag\u0119. Teraz maj\u0105 na sumieniu \u015bmier\u0107 niewinnych ludzi.<\/p>\n","protected":false},"excerpt":{"rendered":"W ostatnich dniach dosz\u0142o do dw\u00f3ch \u015bmiertelnych potr\u0105ce\u0144. Zar\u00f3wno w jednym jak i drugim przypadku kierowcy byli trze\u017awi, jechali prost\u0105 drog\u0105 i nie \n<a class=\"moretag\" href=\"https:\/\/ostrowskatv.pl\/?p=909\"> [...]<\/a>","protected":false},"author":1,"featured_media":910,"comment_status":"open","ping_status":"open","sticky":false,"template":"","format":"standard","meta":{"footnotes":""},"categories":[1],"tags":[2],"class_list":["post-909","post","type-post","status-publish","format-standard","has-post-thumbnail","hentry","category-news","tag-ostrow-wielkopolski"],"_links":{"self":[{"href":"https:\/\/ostrowskatv.pl\/index.php?rest_route=\/wp\/v2\/posts\/909","targetHints":{"allow":["GET"]}}],"collection":[{"href":"https:\/\/ostrowskatv.pl\/index.php?rest_route=\/wp\/v2\/posts"}],"about":[{"href":"https:\/\/ostrowskatv.pl\/index.php?rest_route=\/wp\/v2\/types\/post"}],"author":[{"embeddable":true,"href":"https:\/\/ostrowskatv.pl\/index.php?rest_route=\/wp\/v2\/users\/1"}],"replies":[{"embeddable":true,"href":"https:\/\/ostrowskatv.pl\/index.php?rest_route=%2Fwp%2Fv2%2Fcomments&post=909"}],"version-history":[{"count":0,"href":"https:\/\/ostrowskatv.pl\/index.php?rest_route=\/wp\/v2\/posts\/909\/revisions"}],"wp:featuredmedia":[{"embeddable":true,"href":"https:\/\/ostrowskatv.pl\/index.php?rest_route=\/wp\/v2\/media\/910"}],"wp:attachment":[{"href":"https:\/\/ostrowskatv.pl\/index.php?rest_route=%2Fwp%2Fv2%2Fmedia&parent=909"}],"wp:term":[{"taxonomy":"category","embeddable":true,"href":"https:\/\/ostrowskatv.pl\/index.php?rest_route=%2Fwp%2Fv2%2Fcategories&post=909"},{"taxonomy":"post_tag","embeddable":true,"href":"https:\/\/ostrowskatv.pl\/index.php?rest_route=%2Fwp%2Fv2%2Ftags&post=909"}],"curies":[{"name":"wp","href":"https:\/\/api.w.org\/{rel}","templated":true}]}}