{"id":906,"date":"2016-04-25T15:26:01","date_gmt":"2016-04-25T14:26:01","guid":{"rendered":"http:\/\/ostrowska.tv\/?p=906"},"modified":"2016-04-25T15:26:01","modified_gmt":"2016-04-25T14:26:01","slug":"wojtus-juz-w-domu-bedzie-szybsza-operacja-wideo","status":"publish","type":"post","link":"https:\/\/ostrowskatv.pl\/?p=906","title":{"rendered":"Wojtu\u015b ju\u017c w domu! B\u0119dzie szybsza operacja? (wideo)"},"content":{"rendered":"<p><strong>Histori\u0105 Wojtusia Portasiaka \u017cy\u0142o wielu mieszka\u0144c\u00f3w naszego miasta. Maluszek wr\u00f3ci\u0142 ju\u017c do domu w Ostrowie, gdzie przebywa obecnie z rodzicami \u2013 Sandr\u0105 i \u0141ukaszem. Przed nim w dalszym ci\u0105gu d\u0142uga droga.<\/strong><\/p>\n<p>Por\u00f3d w niemieckiej klinice przebieg\u0142 lepiej ni\u017c spodziewali si\u0119 tego sami lekarze. W tej chwili maluszek ma si\u0119 dobrze. Dopisuje mu apetyt, co mo\u017cna zreszt\u0105 zobaczy\u0107 na nagraniach. To jednak nie koniec jego walki o zdrowie. Sandra i \u0141ukasz byli w ostatnich dniach na konsultacjach w \u0141odzi. Ju\u017c teraz wiemy, \u017ce Wojtusia czeka druga operacja, kt\u00f3ra ma zosta\u0107 przeprowadzona za kilka miesi\u0119cy.<\/p>\n<p>&#8211; Stan jest stabilny. Komora jest odpowiednia, jednak jest jedna niepokoj\u0105ca rzecz, kt\u00f3ra przyczyni si\u0119 prawdopodobnie do tego, \u017ce dziecko b\u0119dzie potrzebowa\u0107 wcze\u015bniej operacji. Na ten moment musimy je\u017adzi\u0107 na kontrole do pani doktor do \u0141odzi i sprawdza\u0107 saturacj\u0119. Mamy zalecony bilans p\u0142yn\u00f3w. Wojtu\u015b przyjmuje r\u00f3wnie\u017c stale leki. Tak b\u0119dzie wygl\u0105da\u0107 nasze \u017cycie do nast\u0119pnej operacji \u2013 wyja\u015bnia Sandra.t<\/p>\n<p>Druga operacja mia\u0142aby odby\u0107 si\u0119 planowo oko\u0142o wrze\u015bnia. By\u0107 mo\u017ce b\u0119dzie trzeba j\u0105 jednak przyspieszy\u0107. Koszt zabiegu to orientacyjnie 150 \u2013 170 tysi\u0119cy z\u0142otych. Rodzice Wojtusia czekaj\u0105 na wycen\u0119. &#8211; To tak naprawd\u0119 kontynuacja pierwszego etapu leczenia \u2013 wyja\u015bniaj\u0105. &#8211; Czekamy jeszcze na kosztorys za pierwszy etap leczenia. Mo\u017ce okaza\u0107 si\u0119 tak, \u017ce jakie\u015b pieni\u0105dze zostan\u0105 nam jeszcze do dyspozycji \u2013 dodaj\u0105 Sandra i \u0141ukasz.<\/p>\n<p>Wi\u0119cej informacji na temat stanu zdrowia Wojtusia i jego leczenia w materiale wideo. <strong>Zach\u0119camy do jego obejrzenia<\/strong>.<\/p>\n<p><iframe loading=\"lazy\" width=\"640\" height=\"360\" src=\"https:\/\/www.youtube.com\/embed\/i9-vyYeV_v8\" frameborder=\"0\" allowfullscreen><\/iframe><\/p>\n","protected":false},"excerpt":{"rendered":"Histori\u0105 Wojtusia Portasiaka \u017cy\u0142o wielu mieszka\u0144c\u00f3w naszego miasta. Maluszek wr\u00f3ci\u0142 ju\u017c do domu w Ostrowie, gdzie przebywa obecnie z rodzicami \u2013 Sandr\u0105 i \n<a class=\"moretag\" href=\"https:\/\/ostrowskatv.pl\/?p=906\"> [...]<\/a>","protected":false},"author":1,"featured_media":907,"comment_status":"open","ping_status":"open","sticky":false,"template":"","format":"standard","meta":{"footnotes":""},"categories":[1],"tags":[2],"class_list":["post-906","post","type-post","status-publish","format-standard","has-post-thumbnail","hentry","category-news","tag-ostrow-wielkopolski"],"_links":{"self":[{"href":"https:\/\/ostrowskatv.pl\/index.php?rest_route=\/wp\/v2\/posts\/906","targetHints":{"allow":["GET"]}}],"collection":[{"href":"https:\/\/ostrowskatv.pl\/index.php?rest_route=\/wp\/v2\/posts"}],"about":[{"href":"https:\/\/ostrowskatv.pl\/index.php?rest_route=\/wp\/v2\/types\/post"}],"author":[{"embeddable":true,"href":"https:\/\/ostrowskatv.pl\/index.php?rest_route=\/wp\/v2\/users\/1"}],"replies":[{"embeddable":true,"href":"https:\/\/ostrowskatv.pl\/index.php?rest_route=%2Fwp%2Fv2%2Fcomments&post=906"}],"version-history":[{"count":0,"href":"https:\/\/ostrowskatv.pl\/index.php?rest_route=\/wp\/v2\/posts\/906\/revisions"}],"wp:featuredmedia":[{"embeddable":true,"href":"https:\/\/ostrowskatv.pl\/index.php?rest_route=\/wp\/v2\/media\/907"}],"wp:attachment":[{"href":"https:\/\/ostrowskatv.pl\/index.php?rest_route=%2Fwp%2Fv2%2Fmedia&parent=906"}],"wp:term":[{"taxonomy":"category","embeddable":true,"href":"https:\/\/ostrowskatv.pl\/index.php?rest_route=%2Fwp%2Fv2%2Fcategories&post=906"},{"taxonomy":"post_tag","embeddable":true,"href":"https:\/\/ostrowskatv.pl\/index.php?rest_route=%2Fwp%2Fv2%2Ftags&post=906"}],"curies":[{"name":"wp","href":"https:\/\/api.w.org\/{rel}","templated":true}]}}