{"id":8984,"date":"2019-04-20T06:06:28","date_gmt":"2019-04-20T05:06:28","guid":{"rendered":"http:\/\/ostrowska.tv\/?p=8984"},"modified":"2019-04-20T06:06:28","modified_gmt":"2019-04-20T05:06:28","slug":"splonely-dwa-mercedesy","status":"publish","type":"post","link":"https:\/\/ostrowskatv.pl\/?p=8984","title":{"rendered":"Sp\u0142on\u0119\u0142y dwa Mercedesy"},"content":{"rendered":"<p><strong>Na pocz\u0105tku \u015awi\u0105t Wielkanocnych sp\u0142on\u0119\u0142y dwa auta marki Mercedes. Najpierw na drodze \u0142\u0105cz\u0105cej ulic\u0119 Grabowsk\u0105 z ul. Wylotow\u0105 sp\u0142on\u0105\u0142 osobowy Mercedes E klasa. Autem podr\u00f3\u017cowa\u0142 m\u0142ody ch\u0142opak z dziewczyn\u0105. Podczas jazdy us\u0142yszeli jakby co\u015b strzeli\u0142o i wtedy szybko pojawi\u0142y si\u0119 p\u0142omienie. Na szcz\u0119\u015bcie zd\u0105\u017cyli wyj\u015b\u0107 z pojazdu. Auto sp\u0142on\u0119\u0142o doszcz\u0119tnie. Po\u017car mia\u0142 miejsce w pi\u0105tek wieczorem.<\/strong><\/p>\n<p>Do drugiego po\u017caru dosz\u0142o oko\u0142o godz. 6.00 w sobotni poranek. Samoch\u00f3d nale\u017c\u0105cy do jednej z piekarni zacz\u0105\u0142 si\u0119 pali\u0107 na trasie \u0141\u0105kociny &#8211; Wierzbno. Na miejsce zadysponowano 4 zast\u0119py stra\u017cy po\u017carnej. Kierowcy nic si\u0119 nie sta\u0142o, ale z Mercedesa niewiele zosta\u0142o.<\/p>\n<p>Wideo z po\u017caru auta przy obwodnicy:<\/p>\n<p><iframe loading=\"lazy\" src=\"https:\/\/www.facebook.com\/plugins\/video.php?href=https%3A%2F%2Fwww.facebook.com%2Fostrow24%2Fvideos%2F615836388883783%2F&#038;show_text=0&#038;width=269\" width=\"269\" height=\"476\" style=\"border:none;overflow:hidden\" scrolling=\"no\" frameborder=\"0\" allowTransparency=\"true\" allowFullScreen=\"true\"><\/iframe><\/p>\n<p>Zdj\u0119cia z po\u017caru w \u0141\u0105kocinach<\/p>\n<div id='gallery-1' class='gallery galleryid-8984 gallery-columns-3 gallery-size-thumbnail'><figure class='gallery-item'>\n\t\t\t<div class='gallery-icon landscape'>\n\t\t\t\t<a href='https:\/\/ostrowskatv.pl\/?attachment_id=8985'><img loading=\"lazy\" decoding=\"async\" width=\"150\" height=\"150\" src=\"https:\/\/ostrowskatv.pl\/wp-content\/uploads\/2019\/04\/IMG_20190420_062456-150x150.jpg\" class=\"attachment-thumbnail size-thumbnail\" alt=\"\" \/><\/a>\n\t\t\t<\/div><\/figure><figure class='gallery-item'>\n\t\t\t<div class='gallery-icon landscape'>\n\t\t\t\t<a href='https:\/\/ostrowskatv.pl\/?attachment_id=8986'><img loading=\"lazy\" decoding=\"async\" width=\"150\" height=\"150\" src=\"https:\/\/ostrowskatv.pl\/wp-content\/uploads\/2019\/04\/IMG_20190420_062511-150x150.jpg\" class=\"attachment-thumbnail size-thumbnail\" alt=\"\" \/><\/a>\n\t\t\t<\/div><\/figure><figure class='gallery-item'>\n\t\t\t<div class='gallery-icon portrait'>\n\t\t\t\t<a href='https:\/\/ostrowskatv.pl\/?attachment_id=8987'><img loading=\"lazy\" decoding=\"async\" width=\"150\" height=\"150\" src=\"https:\/\/ostrowskatv.pl\/wp-content\/uploads\/2019\/04\/IMG_20190420_062521-150x150.jpg\" class=\"attachment-thumbnail size-thumbnail\" alt=\"\" \/><\/a>\n\t\t\t<\/div><\/figure>\n\t\t<\/div>\n\n","protected":false},"excerpt":{"rendered":"Na pocz\u0105tku \u015awi\u0105t Wielkanocnych sp\u0142on\u0119\u0142y dwa auta marki Mercedes. Najpierw na drodze \u0142\u0105cz\u0105cej ulic\u0119 Grabowsk\u0105 z ul. Wylotow\u0105 sp\u0142on\u0105\u0142 osobowy Mercedes E klasa. \n<a class=\"moretag\" href=\"https:\/\/ostrowskatv.pl\/?p=8984\"> [...]<\/a>","protected":false},"author":1,"featured_media":8988,"comment_status":"open","ping_status":"closed","sticky":false,"template":"","format":"standard","meta":{"footnotes":""},"categories":[1],"tags":[2,76],"class_list":["post-8984","post","type-post","status-publish","format-standard","has-post-thumbnail","hentry","category-news","tag-ostrow-wielkopolski","tag-lakociny"],"_links":{"self":[{"href":"https:\/\/ostrowskatv.pl\/index.php?rest_route=\/wp\/v2\/posts\/8984","targetHints":{"allow":["GET"]}}],"collection":[{"href":"https:\/\/ostrowskatv.pl\/index.php?rest_route=\/wp\/v2\/posts"}],"about":[{"href":"https:\/\/ostrowskatv.pl\/index.php?rest_route=\/wp\/v2\/types\/post"}],"author":[{"embeddable":true,"href":"https:\/\/ostrowskatv.pl\/index.php?rest_route=\/wp\/v2\/users\/1"}],"replies":[{"embeddable":true,"href":"https:\/\/ostrowskatv.pl\/index.php?rest_route=%2Fwp%2Fv2%2Fcomments&post=8984"}],"version-history":[{"count":0,"href":"https:\/\/ostrowskatv.pl\/index.php?rest_route=\/wp\/v2\/posts\/8984\/revisions"}],"wp:featuredmedia":[{"embeddable":true,"href":"https:\/\/ostrowskatv.pl\/index.php?rest_route=\/wp\/v2\/media\/8988"}],"wp:attachment":[{"href":"https:\/\/ostrowskatv.pl\/index.php?rest_route=%2Fwp%2Fv2%2Fmedia&parent=8984"}],"wp:term":[{"taxonomy":"category","embeddable":true,"href":"https:\/\/ostrowskatv.pl\/index.php?rest_route=%2Fwp%2Fv2%2Fcategories&post=8984"},{"taxonomy":"post_tag","embeddable":true,"href":"https:\/\/ostrowskatv.pl\/index.php?rest_route=%2Fwp%2Fv2%2Ftags&post=8984"}],"curies":[{"name":"wp","href":"https:\/\/api.w.org\/{rel}","templated":true}]}}