{"id":8971,"date":"2019-04-19T07:34:10","date_gmt":"2019-04-19T06:34:10","guid":{"rendered":"http:\/\/ostrowska.tv\/?p=8971"},"modified":"2019-04-19T07:34:10","modified_gmt":"2019-04-19T06:34:10","slug":"wypadek-na-ul-dlugiej-auto-na-torach","status":"publish","type":"post","link":"https:\/\/ostrowskatv.pl\/?p=8971","title":{"rendered":"Wypadek na ul. D\u0142ugiej. Auto na torach"},"content":{"rendered":"<p><strong>Po godzinie 8.00 na ul. D\u0142ugiej w Ostrowie Wlkp. dosz\u0142o do zderzenia dw\u00f3ch aut osobowych. Chrysler wyl\u0105dowa\u0142 na torowisku, stwarzaj\u0105c ryzyko wypadku z poci\u0105giem.<\/strong><\/p>\n<p>Renault Megane skr\u0119ca\u0142 w lewo w ulic\u0119 Nisk\u0105. W lewy bok uderzy\u0142 Chrysler Voyager. Nieznacznie poszkodowany zosta\u0142 kierowca Renault. Ruch poci\u0105g\u00f3w zosta\u0142 wstrzymany.<\/p>\n<div id='gallery-1' class='gallery galleryid-8971 gallery-columns-3 gallery-size-thumbnail'><figure class='gallery-item'>\n\t\t\t<div class='gallery-icon landscape'>\n\t\t\t\t<a href='https:\/\/ostrowskatv.pl\/?attachment_id=8972'><img loading=\"lazy\" decoding=\"async\" width=\"150\" height=\"150\" src=\"https:\/\/ostrowskatv.pl\/wp-content\/uploads\/2019\/04\/IMG_20190419_082045-01-150x150.jpeg\" class=\"attachment-thumbnail size-thumbnail\" alt=\"\" \/><\/a>\n\t\t\t<\/div><\/figure><figure class='gallery-item'>\n\t\t\t<div class='gallery-icon landscape'>\n\t\t\t\t<a href='https:\/\/ostrowskatv.pl\/?attachment_id=8973'><img loading=\"lazy\" decoding=\"async\" width=\"150\" height=\"150\" src=\"https:\/\/ostrowskatv.pl\/wp-content\/uploads\/2019\/04\/IMG_20190419_082153-01-150x150.jpeg\" class=\"attachment-thumbnail size-thumbnail\" alt=\"\" \/><\/a>\n\t\t\t<\/div><\/figure><figure class='gallery-item'>\n\t\t\t<div class='gallery-icon landscape'>\n\t\t\t\t<a href='https:\/\/ostrowskatv.pl\/?attachment_id=8974'><img loading=\"lazy\" decoding=\"async\" width=\"150\" height=\"150\" src=\"https:\/\/ostrowskatv.pl\/wp-content\/uploads\/2019\/04\/IMG_20190419_082200-01-150x150.jpeg\" class=\"attachment-thumbnail size-thumbnail\" alt=\"\" \/><\/a>\n\t\t\t<\/div><\/figure><figure class='gallery-item'>\n\t\t\t<div class='gallery-icon landscape'>\n\t\t\t\t<a href='https:\/\/ostrowskatv.pl\/?attachment_id=8975'><img loading=\"lazy\" decoding=\"async\" width=\"150\" height=\"150\" src=\"https:\/\/ostrowskatv.pl\/wp-content\/uploads\/2019\/04\/IMG_20190419_082137-01-150x150.jpeg\" class=\"attachment-thumbnail size-thumbnail\" alt=\"\" \/><\/a>\n\t\t\t<\/div><\/figure>\n\t\t<\/div>\n\n<p>&nbsp;<\/p>\n","protected":false},"excerpt":{"rendered":"Po godzinie 8.00 na ul. D\u0142ugiej w Ostrowie Wlkp. dosz\u0142o do zderzenia dw\u00f3ch aut osobowych. Chrysler wyl\u0105dowa\u0142 na torowisku, stwarzaj\u0105c ryzyko wypadku z \n<a class=\"moretag\" href=\"https:\/\/ostrowskatv.pl\/?p=8971\"> [...]<\/a>","protected":false},"author":1,"featured_media":8975,"comment_status":"open","ping_status":"closed","sticky":false,"template":"","format":"standard","meta":{"footnotes":""},"categories":[1],"tags":[2],"class_list":["post-8971","post","type-post","status-publish","format-standard","has-post-thumbnail","hentry","category-news","tag-ostrow-wielkopolski"],"_links":{"self":[{"href":"https:\/\/ostrowskatv.pl\/index.php?rest_route=\/wp\/v2\/posts\/8971","targetHints":{"allow":["GET"]}}],"collection":[{"href":"https:\/\/ostrowskatv.pl\/index.php?rest_route=\/wp\/v2\/posts"}],"about":[{"href":"https:\/\/ostrowskatv.pl\/index.php?rest_route=\/wp\/v2\/types\/post"}],"author":[{"embeddable":true,"href":"https:\/\/ostrowskatv.pl\/index.php?rest_route=\/wp\/v2\/users\/1"}],"replies":[{"embeddable":true,"href":"https:\/\/ostrowskatv.pl\/index.php?rest_route=%2Fwp%2Fv2%2Fcomments&post=8971"}],"version-history":[{"count":0,"href":"https:\/\/ostrowskatv.pl\/index.php?rest_route=\/wp\/v2\/posts\/8971\/revisions"}],"wp:featuredmedia":[{"embeddable":true,"href":"https:\/\/ostrowskatv.pl\/index.php?rest_route=\/wp\/v2\/media\/8975"}],"wp:attachment":[{"href":"https:\/\/ostrowskatv.pl\/index.php?rest_route=%2Fwp%2Fv2%2Fmedia&parent=8971"}],"wp:term":[{"taxonomy":"category","embeddable":true,"href":"https:\/\/ostrowskatv.pl\/index.php?rest_route=%2Fwp%2Fv2%2Fcategories&post=8971"},{"taxonomy":"post_tag","embeddable":true,"href":"https:\/\/ostrowskatv.pl\/index.php?rest_route=%2Fwp%2Fv2%2Ftags&post=8971"}],"curies":[{"name":"wp","href":"https:\/\/api.w.org\/{rel}","templated":true}]}}