{"id":8966,"date":"2019-04-18T20:44:39","date_gmt":"2019-04-18T19:44:39","guid":{"rendered":"http:\/\/ostrowska.tv\/?p=8966"},"modified":"2019-04-18T20:44:39","modified_gmt":"2019-04-18T19:44:39","slug":"pozar-przy-ul-krancowej","status":"publish","type":"post","link":"https:\/\/ostrowskatv.pl\/?p=8966","title":{"rendered":"Po\u017car przy ul. Kra\u0144cowej"},"content":{"rendered":"<p><strong>Kilka minut po godzinie 18.00 zauwa\u017cono po\u017car na terenie jednej z posesji przy ul. Kra\u0144cowej w Ostrowie Wlkp. Na miejsce zadysponowano dwa wozy ga\u015bnicze z ostrowskiej stra\u017cy po\u017carnej. Po dojechaniu na miejsce, drewniana wiata by\u0142a ca\u0142a w ogniu. Podano wod\u0119 z dw\u00f3ch w\u0119\u017cy ga\u015bniczych.\u00a0<\/strong><\/p>\n<p>Pod wiat\u0105 sk\u0142adowano by\u0142o drewno na opa\u0142. Prawdopodobn\u0105 przyczyn\u0105 powstania po\u017caru by\u0142o zapr\u00f3szenie ognia. Nikt nie zosta\u0142 poszkodowany.<\/p>\n<div id='gallery-1' class='gallery galleryid-8966 gallery-columns-3 gallery-size-thumbnail'><figure class='gallery-item'>\n\t\t\t<div class='gallery-icon landscape'>\n\t\t\t\t<a href='https:\/\/ostrowskatv.pl\/?attachment_id=8967'><img loading=\"lazy\" decoding=\"async\" width=\"150\" height=\"150\" src=\"https:\/\/ostrowskatv.pl\/wp-content\/uploads\/2019\/04\/krancowa_3-150x150.jpg\" class=\"attachment-thumbnail size-thumbnail\" alt=\"\" \/><\/a>\n\t\t\t<\/div><\/figure><figure class='gallery-item'>\n\t\t\t<div class='gallery-icon landscape'>\n\t\t\t\t<a href='https:\/\/ostrowskatv.pl\/?attachment_id=8968'><img loading=\"lazy\" decoding=\"async\" width=\"150\" height=\"150\" src=\"https:\/\/ostrowskatv.pl\/wp-content\/uploads\/2019\/04\/krancowa_2-150x150.jpg\" class=\"attachment-thumbnail size-thumbnail\" alt=\"\" \/><\/a>\n\t\t\t<\/div><\/figure><figure class='gallery-item'>\n\t\t\t<div class='gallery-icon landscape'>\n\t\t\t\t<a href='https:\/\/ostrowskatv.pl\/?attachment_id=8969'><img loading=\"lazy\" decoding=\"async\" width=\"150\" height=\"150\" src=\"https:\/\/ostrowskatv.pl\/wp-content\/uploads\/2019\/04\/krancowa_1-150x150.jpg\" class=\"attachment-thumbnail size-thumbnail\" alt=\"\" \/><\/a>\n\t\t\t<\/div><\/figure>\n\t\t<\/div>\n\n","protected":false},"excerpt":{"rendered":"Kilka minut po godzinie 18.00 zauwa\u017cono po\u017car na terenie jednej z posesji przy ul. Kra\u0144cowej w Ostrowie Wlkp. Na miejsce zadysponowano dwa wozy \n<a class=\"moretag\" href=\"https:\/\/ostrowskatv.pl\/?p=8966\"> [...]<\/a>","protected":false},"author":1,"featured_media":8969,"comment_status":"open","ping_status":"closed","sticky":false,"template":"","format":"standard","meta":{"footnotes":""},"categories":[1],"tags":[2],"class_list":["post-8966","post","type-post","status-publish","format-standard","has-post-thumbnail","hentry","category-news","tag-ostrow-wielkopolski"],"_links":{"self":[{"href":"https:\/\/ostrowskatv.pl\/index.php?rest_route=\/wp\/v2\/posts\/8966","targetHints":{"allow":["GET"]}}],"collection":[{"href":"https:\/\/ostrowskatv.pl\/index.php?rest_route=\/wp\/v2\/posts"}],"about":[{"href":"https:\/\/ostrowskatv.pl\/index.php?rest_route=\/wp\/v2\/types\/post"}],"author":[{"embeddable":true,"href":"https:\/\/ostrowskatv.pl\/index.php?rest_route=\/wp\/v2\/users\/1"}],"replies":[{"embeddable":true,"href":"https:\/\/ostrowskatv.pl\/index.php?rest_route=%2Fwp%2Fv2%2Fcomments&post=8966"}],"version-history":[{"count":0,"href":"https:\/\/ostrowskatv.pl\/index.php?rest_route=\/wp\/v2\/posts\/8966\/revisions"}],"wp:featuredmedia":[{"embeddable":true,"href":"https:\/\/ostrowskatv.pl\/index.php?rest_route=\/wp\/v2\/media\/8969"}],"wp:attachment":[{"href":"https:\/\/ostrowskatv.pl\/index.php?rest_route=%2Fwp%2Fv2%2Fmedia&parent=8966"}],"wp:term":[{"taxonomy":"category","embeddable":true,"href":"https:\/\/ostrowskatv.pl\/index.php?rest_route=%2Fwp%2Fv2%2Fcategories&post=8966"},{"taxonomy":"post_tag","embeddable":true,"href":"https:\/\/ostrowskatv.pl\/index.php?rest_route=%2Fwp%2Fv2%2Ftags&post=8966"}],"curies":[{"name":"wp","href":"https:\/\/api.w.org\/{rel}","templated":true}]}}