{"id":8952,"date":"2019-04-17T16:38:27","date_gmt":"2019-04-17T15:38:27","guid":{"rendered":"http:\/\/ostrowska.tv\/?p=8952"},"modified":"2019-04-17T16:38:27","modified_gmt":"2019-04-17T15:38:27","slug":"wypadek-mercedesa-i-motocyklisty-kolo-garcarka","status":"publish","type":"post","link":"https:\/\/ostrowskatv.pl\/?p=8952","title":{"rendered":"Wypadek Mercedesa i motocyklisty ko\u0142o &#8222;Garcarka&#8221;"},"content":{"rendered":"<p><strong>Oko\u0142o 17.00 kobieta kieruj\u0105ca Mercedesem wyje\u017cd\u017caj\u0105c z pobliskiego salonu i nie ust\u0105pi\u0142a pierwsze\u0144stwa motocykli\u015bcie jad\u0105cemu od strony Kalisza. <\/strong><\/p>\n<p><span style=\"font-size: 1rem;\">Motocyklista z powiatu pleszewskiego zosta\u0142 mocno poturbowany\u00a0 Karetka zabra\u0142a jego i kobiet\u0119 z Mercedesa do szpitala, w celu wykonania dok\u0142adniejszych bada\u0144 zdrowotnych.\u00a0<\/span><\/p>\n<div id='gallery-1' class='gallery galleryid-8952 gallery-columns-3 gallery-size-thumbnail'><figure class='gallery-item'>\n\t\t\t<div class='gallery-icon portrait'>\n\t\t\t\t<a href='https:\/\/ostrowskatv.pl\/?attachment_id=8953'><img loading=\"lazy\" decoding=\"async\" width=\"150\" height=\"150\" src=\"https:\/\/ostrowskatv.pl\/wp-content\/uploads\/2019\/04\/IMG_20190417_172450-01-150x150.jpeg\" class=\"attachment-thumbnail size-thumbnail\" alt=\"\" aria-describedby=\"gallery-1-8953\" \/><\/a>\n\t\t\t<\/div>\n\t\t\t\t<figcaption class='wp-caption-text gallery-caption' id='gallery-1-8953'>\n\t\t\t\trhdr\n\t\t\t\t<\/figcaption><\/figure><figure class='gallery-item'>\n\t\t\t<div class='gallery-icon landscape'>\n\t\t\t\t<a href='https:\/\/ostrowskatv.pl\/?attachment_id=8954'><img loading=\"lazy\" decoding=\"async\" width=\"150\" height=\"150\" src=\"https:\/\/ostrowskatv.pl\/wp-content\/uploads\/2019\/04\/IMG_20190417_171740-02-150x150.jpeg\" class=\"attachment-thumbnail size-thumbnail\" alt=\"\" aria-describedby=\"gallery-1-8954\" \/><\/a>\n\t\t\t<\/div>\n\t\t\t\t<figcaption class='wp-caption-text gallery-caption' id='gallery-1-8954'>\n\t\t\t\tcof\n\t\t\t\t<\/figcaption><\/figure><figure class='gallery-item'>\n\t\t\t<div class='gallery-icon landscape'>\n\t\t\t\t<a href='https:\/\/ostrowskatv.pl\/?attachment_id=8955'><img loading=\"lazy\" decoding=\"async\" width=\"150\" height=\"150\" src=\"https:\/\/ostrowskatv.pl\/wp-content\/uploads\/2019\/04\/IMG_20190417_171904-01-150x150.jpeg\" class=\"attachment-thumbnail size-thumbnail\" alt=\"\" aria-describedby=\"gallery-1-8955\" \/><\/a>\n\t\t\t<\/div>\n\t\t\t\t<figcaption class='wp-caption-text gallery-caption' id='gallery-1-8955'>\n\t\t\t\tsdr\n\t\t\t\t<\/figcaption><\/figure><figure class='gallery-item'>\n\t\t\t<div class='gallery-icon landscape'>\n\t\t\t\t<a href='https:\/\/ostrowskatv.pl\/?attachment_id=8956'><img loading=\"lazy\" decoding=\"async\" width=\"150\" height=\"150\" src=\"https:\/\/ostrowskatv.pl\/wp-content\/uploads\/2019\/04\/IMG_20190417_171752-01-150x150.jpeg\" class=\"attachment-thumbnail size-thumbnail\" alt=\"\" aria-describedby=\"gallery-1-8956\" \/><\/a>\n\t\t\t<\/div>\n\t\t\t\t<figcaption class='wp-caption-text gallery-caption' id='gallery-1-8956'>\n\t\t\t\trhdr\n\t\t\t\t<\/figcaption><\/figure>\n\t\t<\/div>\n\n<p>&nbsp;<\/p>\n","protected":false},"excerpt":{"rendered":"Oko\u0142o 17.00 kobieta kieruj\u0105ca Mercedesem wyje\u017cd\u017caj\u0105c z pobliskiego salonu i nie ust\u0105pi\u0142a pierwsze\u0144stwa motocykli\u015bcie jad\u0105cemu od strony Kalisza. Motocyklista z powiatu pleszewskiego zosta\u0142 \n<a class=\"moretag\" href=\"https:\/\/ostrowskatv.pl\/?p=8952\"> [...]<\/a>","protected":false},"author":1,"featured_media":8954,"comment_status":"open","ping_status":"closed","sticky":false,"template":"","format":"standard","meta":{"footnotes":""},"categories":[1],"tags":[59],"class_list":["post-8952","post","type-post","status-publish","format-standard","has-post-thumbnail","hentry","category-news","tag-ociaz"],"_links":{"self":[{"href":"https:\/\/ostrowskatv.pl\/index.php?rest_route=\/wp\/v2\/posts\/8952","targetHints":{"allow":["GET"]}}],"collection":[{"href":"https:\/\/ostrowskatv.pl\/index.php?rest_route=\/wp\/v2\/posts"}],"about":[{"href":"https:\/\/ostrowskatv.pl\/index.php?rest_route=\/wp\/v2\/types\/post"}],"author":[{"embeddable":true,"href":"https:\/\/ostrowskatv.pl\/index.php?rest_route=\/wp\/v2\/users\/1"}],"replies":[{"embeddable":true,"href":"https:\/\/ostrowskatv.pl\/index.php?rest_route=%2Fwp%2Fv2%2Fcomments&post=8952"}],"version-history":[{"count":0,"href":"https:\/\/ostrowskatv.pl\/index.php?rest_route=\/wp\/v2\/posts\/8952\/revisions"}],"wp:featuredmedia":[{"embeddable":true,"href":"https:\/\/ostrowskatv.pl\/index.php?rest_route=\/wp\/v2\/media\/8954"}],"wp:attachment":[{"href":"https:\/\/ostrowskatv.pl\/index.php?rest_route=%2Fwp%2Fv2%2Fmedia&parent=8952"}],"wp:term":[{"taxonomy":"category","embeddable":true,"href":"https:\/\/ostrowskatv.pl\/index.php?rest_route=%2Fwp%2Fv2%2Fcategories&post=8952"},{"taxonomy":"post_tag","embeddable":true,"href":"https:\/\/ostrowskatv.pl\/index.php?rest_route=%2Fwp%2Fv2%2Ftags&post=8952"}],"curies":[{"name":"wp","href":"https:\/\/api.w.org\/{rel}","templated":true}]}}